{"id":14422,"date":"2021-01-08T13:26:25","date_gmt":"2021-01-08T13:26:25","guid":{"rendered":"https:\/\/www.escolasdesoure.pt\/web\/?p=14422"},"modified":"2021-01-08T13:26:25","modified_gmt":"2021-01-08T13:26:25","slug":"covid-19-informacao-a-comunidade-educativa","status":"publish","type":"post","link":"https:\/\/www.escolasdesoure.pt\/web\/2021\/01\/covid-19-informacao-a-comunidade-educativa\/","title":{"rendered":"COVID-19: Informa\u00e7\u00e3o \u00e0 Comunidade Educativa"},"content":{"rendered":"<p>Nesta 1\u00aa semana do 2\u00ba per\u00edodo, temos o registo de 2 alunos positivos \u00e0 COVID-19 na Escola B\u00e1sica e Secund\u00e1ria Martinho \u00c1rias, bem como dois docentes do Agrupamento, encontrando-se todos em isolamento profil\u00e1tico. Tamb\u00e9m se encontram em isolamento profil\u00e1tico mais 7 alunos e um docente, como medida de conten\u00e7\u00e3o da Covid-19.<br \/>\nTodos estes casos surgiram em contexto fora da escola, o que mostra que <strong>a escola \u00e9 um espa\u00e7o seguro<\/strong>. Podemos, pois, <strong>confiar nas medidas assumidas no <em>Plano de conting\u00eancia<\/em> definido pelo Agrupamento.<\/strong><br \/>\nForam diligenciados todos os procedimentos emanados pela DGS a fim de garantirmos a seguran\u00e7a e a sa\u00fade de todos, em especial, dos que estiveram mais pr\u00f3ximos desse caso.<br \/>\n<strong>Apelamos \u00e0 calma, tranquilidade e, sobretudo, CONFIAN\u00c7A nas autoridades de sa\u00fade e no Agrupamento.<\/strong><br \/>\nEstamos todos juntos nesta luta e juntos havemos de a ultrapassar.<br \/>\nRecorda-se que \u00e9 dever de todos cumprir as medidas de preven\u00e7\u00e3o di\u00e1ria, dentro e fora do recinto escolar, e que s\u00e3o as que a seguir se apresentam:<\/p>\n<ul>\n<li>Utilizar m\u00e1scaras no interior da escola (dentro e fora da sala de aula) e no percurso casa-escola-casa (especialmente quando utilizados transportes p\u00fablicos), a partir do 2\u00ba ciclo do ensino b\u00e1sico.<\/li>\n<li>Evitar tocar na parte da frente da m\u00e1scara.<\/li>\n<li>Ao entrar na escola e no jardim-de-inf\u00e2ncia, deve desinfetar as m\u00e3os com uma solu\u00e7\u00e3o antiss\u00e9ptica de base alco\u00f3lica (SABA).<\/li>\n<li>Lavar frequentemente as m\u00e3os, com \u00e1gua e sab\u00e3o, esfregando-as bem durante, pelo menos, 20 segundos.<\/li>\n<li>Refor\u00e7ar a lavagem das m\u00e3os antes e ap\u00f3s as refei\u00e7\u00f5es, antes e ap\u00f3s as aulas, antes e ap\u00f3s o uso da casa de banho e sempre que as m\u00e3os estejam sujas.<\/li>\n<li>Usar len\u00e7os de papel (de utiliza\u00e7\u00e3o \u00fanica) para se assoar, deit\u00e1-los num caixote do lixo depois de utilizados e lavar as m\u00e3os, com \u00e1gua e sab\u00e3o, de seguida.<\/li>\n<li>Tossir ou espirrar para a zona interior do bra\u00e7o, com o cotovelo fletido, e nunca para as m\u00e3os.<\/li>\n<li>Evitar tocar nos olhos, no nariz e na boca.<\/li>\n<li>Manter o distanciamento f\u00edsico, dentro e fora do espa\u00e7o escolar.<\/li>\n<li>Evitar tocar em bens comuns e em superf\u00edcies como corrim\u00e3os, ma\u00e7anetas, interruptores.<\/li>\n<\/ul>\n<p><strong>A preven\u00e7\u00e3o<\/strong> (de cada um e de todos!) <strong>\u00e9 a nossa prote\u00e7\u00e3o.<\/strong><br \/>\n<strong>8 de janeiro de 2021<\/strong><\/p>\n","protected":false},"excerpt":{"rendered":"<p>Nesta 1\u00aa semana do 2\u00ba per\u00edodo, temos o registo de 2 alunos positivos \u00e0 COVID-19 na Escola B\u00e1sica e Secund\u00e1ria Martinho \u00c1rias, bem como dois<a href=\"https:\/\/www.escolasdesoure.pt\/web\/2021\/01\/covid-19-informacao-a-comunidade-educativa\/\" class=\"more-link\"><span class=\"screen-reader-text\"> &#8220;COVID-19: Informa\u00e7\u00e3o \u00e0 Comunidade Educativa&#8221;<\/span><\/a><\/p>\n","protected":false},"author":1,"featured_media":13614,"comment_status":"closed","ping_status":"closed","sticky":false,"template":"","format":"standard","meta":{"footnotes":""},"categories":[1],"tags":[],"class_list":["post-14422","post","type-post","status-publish","format-standard","has-post-thumbnail","hentry","category-noticias"],"_links":{"self":[{"href":"https:\/\/www.escolasdesoure.pt\/web\/wp-json\/wp\/v2\/posts\/14422","targetHints":{"allow":["GET"]}}],"collection":[{"href":"https:\/\/www.escolasdesoure.pt\/web\/wp-json\/wp\/v2\/posts"}],"about":[{"href":"https:\/\/www.escolasdesoure.pt\/web\/wp-json\/wp\/v2\/types\/post"}],"author":[{"embeddable":true,"href":"https:\/\/www.escolasdesoure.pt\/web\/wp-json\/wp\/v2\/users\/1"}],"replies":[{"embeddable":true,"href":"https:\/\/www.escolasdesoure.pt\/web\/wp-json\/wp\/v2\/comments?post=14422"}],"version-history":[{"count":1,"href":"https:\/\/www.escolasdesoure.pt\/web\/wp-json\/wp\/v2\/posts\/14422\/revisions"}],"predecessor-version":[{"id":14423,"href":"https:\/\/www.escolasdesoure.pt\/web\/wp-json\/wp\/v2\/posts\/14422\/revisions\/14423"}],"wp:featuredmedia":[{"embeddable":true,"href":"https:\/\/www.escolasdesoure.pt\/web\/wp-json\/wp\/v2\/media\/13614"}],"wp:attachment":[{"href":"https:\/\/www.escolasdesoure.pt\/web\/wp-json\/wp\/v2\/media?parent=14422"}],"wp:term":[{"taxonomy":"category","embeddable":true,"href":"https:\/\/www.escolasdesoure.pt\/web\/wp-json\/wp\/v2\/categories?post=14422"},{"taxonomy":"post_tag","embeddable":true,"href":"https:\/\/www.escolasdesoure.pt\/web\/wp-json\/wp\/v2\/tags?post=14422"}],"curies":[{"name":"wp","href":"https:\/\/api.w.org\/{rel}","templated":true}]}}