{"id":14351,"date":"2020-12-16T14:06:18","date_gmt":"2020-12-16T14:06:18","guid":{"rendered":"https:\/\/www.escolasdesoure.pt\/web\/?p=14351"},"modified":"2020-12-16T14:07:55","modified_gmt":"2020-12-16T14:07:55","slug":"14351-2","status":"publish","type":"post","link":"https:\/\/www.escolasdesoure.pt\/web\/2020\/12\/14351-2\/","title":{"rendered":"65\u00ba anivers\u00e1rio da ades\u00e3o de Portugal \u00e0 ONU"},"content":{"rendered":"<p>O Agrupamento de Escolas Martinho \u00c1rias, de Soure, selecionado pela Dire\u00e7\u00e3o-Geral da Educa\u00e7\u00e3o como escola anfitri\u00e3, realizou no dia 14 de dezembro uma cerim\u00f3nia de apresenta\u00e7\u00e3o da Sala dos retratos, no \u00e2mbito do 65\u00ba anivers\u00e1rio da ades\u00e3o de Portugal \u00e0 ONU: \u201cConhecer, respeitar e celebrar os direitos humanos\u201d, apresentada via streaming.<br \/>\nEsta efem\u00e9ride, que contou com a participa\u00e7\u00e3o do Sr. Secret\u00e1rio de Estado Adjunto e da Educa\u00e7\u00e3o, da Sra. Secret\u00e1ria de Estado dos Neg\u00f3cios Estrangeiros e do Sr. Presidente de C\u00e2mara de Soure, pretende destacar o inigual\u00e1vel trabalho das Na\u00e7\u00f5es Unidas em prol dos direitos humanos, da paz e da educa\u00e7\u00e3o pela voz dos nossos alunos.<br \/>\nEsta iniciativa foi, ainda, uma oportunidade de divulga\u00e7\u00e3o de trabalhos realizados por diferentes anos e turmas, no \u00e2mbito da estrat\u00e9gia de educa\u00e7\u00e3o e cidadania do Agrupamento, em articula\u00e7\u00e3o entre v\u00e1rias \u00e1reas disciplinares. S\u00e3o eles: a \u00c1rvore dos Desejos (feita nas oficinas dos cursos profissionais); Manta dos Direitos Humanos e gaivotas (feita por alunos do 7\u00ba ano); cartazes \u201cCortar a direito\u201d (feitos por alunos do 9\u00ba ano); pachtwork dos Direitos Humanos (feito por alunos do 9\u00ba ano); apresenta\u00e7\u00e3o de breve historial da ONU (feito por alunos dos 10\u00ba e 12\u00ba anos).<br \/>\nForam tamb\u00e9m apresentados trabalhos da Escola Profissional de Moura e do Agrupamento de Escolas Dr. Fl\u00e1vio Gon\u00e7alves.<br \/>\nO entusiasmo dos alunos e o profissionalismo dos docentes e n\u00e3o docentes envolvidos fizerem brilhar este momento, projetando o Agrupamento como palco destas comemora\u00e7\u00f5es. Para tal, muito contribuiu a autarquia de Soure, sempre recetiva a desenvolver parcerias em conjunto com o Agrupamento.<br \/>\nUm especial agradecimento \u00e0s docentes Ana Paula Henriques e Margarida Carrington. E tamb\u00e9m aos docentes Cristina Amado; M. Jos\u00e9 Malo; Jo\u00e3o Rovira; Matilde Azenha; Am\u00e9lia Galha; Elisabete Vit\u00f3ria; Lu\u00eds Fran\u00e7a; M\u00e1rcio Madeira e aos docentes de cidadania e desenvolvimento e diretores de turma do secund\u00e1rio.<br \/>\nAgradecimentos tamb\u00e9m ao pessoal n\u00e3o docente, em especial a Carlos Pinho, pela sua infatig\u00e1vel presen\u00e7a, e a Em\u00edlia Rosa, pelo seu gosto e arte no arranjo floral.<br \/>\nPor \u00faltimo, aos alunos, sem os quais esta celebra\u00e7\u00e3o n\u00e3o faria qualquer sentido: os apresentadores Jo\u00e3o Pimentel e Carolina Mendes que orientaram toda a sess\u00e3o; os que expuseram a hist\u00f3ria da ONU, Pedro Mendes, Mariana Almeida e Carolina Carraca, e os apresentadores das v\u00e1rias exposi\u00e7\u00f5es, Miguel Caetano, M. Jo\u00e3o Sim\u00f5es, Leonor Vaz, In\u00eas Sequeira, Duarte Sim\u00f5es, David Esteves, Carolina Baptista, Bruna Marouvo, e todos os que participaram nos ensaios de apresenta\u00e7\u00e3o e na elabora\u00e7\u00e3o dos trabalhos.<\/p>\n<figure id=\"attachment_14352\" aria-describedby=\"caption-attachment-14352\" style=\"width: 800px\" class=\"wp-caption aligncenter\"><img decoding=\"async\" class=\"size-full wp-image-14352\" src=\"https:\/\/www.escolasdesoure.pt\/web\/wp-content\/uploads\/2020\/12\/Foto-6.jpg\" alt=\"\" width=\"800\" height=\"530\" srcset=\"https:\/\/www.escolasdesoure.pt\/web\/wp-content\/uploads\/2020\/12\/Foto-6.jpg 800w, https:\/\/www.escolasdesoure.pt\/web\/wp-content\/uploads\/2020\/12\/Foto-6-300x199.jpg 300w, https:\/\/www.escolasdesoure.pt\/web\/wp-content\/uploads\/2020\/12\/Foto-6-768x509.jpg 768w\" sizes=\"(max-width: 800px) 100vw, 800px\" \/><figcaption id=\"caption-attachment-14352\" class=\"wp-caption-text\">charset=Ascii<\/figcaption><\/figure>\n<p><img decoding=\"async\" class=\"aligncenter size-full wp-image-14353\" src=\"https:\/\/www.escolasdesoure.pt\/web\/wp-content\/uploads\/2020\/12\/Foto-1-ONU.jpg\" alt=\"\" width=\"800\" height=\"626\" srcset=\"https:\/\/www.escolasdesoure.pt\/web\/wp-content\/uploads\/2020\/12\/Foto-1-ONU.jpg 800w, https:\/\/www.escolasdesoure.pt\/web\/wp-content\/uploads\/2020\/12\/Foto-1-ONU-300x235.jpg 300w, https:\/\/www.escolasdesoure.pt\/web\/wp-content\/uploads\/2020\/12\/Foto-1-ONU-768x601.jpg 768w\" sizes=\"(max-width: 800px) 100vw, 800px\" \/><\/p>\n","protected":false},"excerpt":{"rendered":"<p>O Agrupamento de Escolas Martinho \u00c1rias, de Soure, selecionado pela Dire\u00e7\u00e3o-Geral da Educa\u00e7\u00e3o como escola anfitri\u00e3, realizou no dia 14 de dezembro uma cerim\u00f3nia de<a href=\"https:\/\/www.escolasdesoure.pt\/web\/2020\/12\/14351-2\/\" class=\"more-link\"><span class=\"screen-reader-text\"> &#8220;65\u00ba anivers\u00e1rio da ades\u00e3o de Portugal \u00e0 ONU&#8221;<\/span><\/a><\/p>\n","protected":false},"author":1,"featured_media":14352,"comment_status":"closed","ping_status":"closed","sticky":false,"template":"","format":"standard","meta":{"footnotes":""},"categories":[1],"tags":[],"class_list":["post-14351","post","type-post","status-publish","format-standard","has-post-thumbnail","hentry","category-noticias"],"_links":{"self":[{"href":"https:\/\/www.escolasdesoure.pt\/web\/wp-json\/wp\/v2\/posts\/14351","targetHints":{"allow":["GET"]}}],"collection":[{"href":"https:\/\/www.escolasdesoure.pt\/web\/wp-json\/wp\/v2\/posts"}],"about":[{"href":"https:\/\/www.escolasdesoure.pt\/web\/wp-json\/wp\/v2\/types\/post"}],"author":[{"embeddable":true,"href":"https:\/\/www.escolasdesoure.pt\/web\/wp-json\/wp\/v2\/users\/1"}],"replies":[{"embeddable":true,"href":"https:\/\/www.escolasdesoure.pt\/web\/wp-json\/wp\/v2\/comments?post=14351"}],"version-history":[{"count":3,"href":"https:\/\/www.escolasdesoure.pt\/web\/wp-json\/wp\/v2\/posts\/14351\/revisions"}],"predecessor-version":[{"id":14356,"href":"https:\/\/www.escolasdesoure.pt\/web\/wp-json\/wp\/v2\/posts\/14351\/revisions\/14356"}],"wp:featuredmedia":[{"embeddable":true,"href":"https:\/\/www.escolasdesoure.pt\/web\/wp-json\/wp\/v2\/media\/14352"}],"wp:attachment":[{"href":"https:\/\/www.escolasdesoure.pt\/web\/wp-json\/wp\/v2\/media?parent=14351"}],"wp:term":[{"taxonomy":"category","embeddable":true,"href":"https:\/\/www.escolasdesoure.pt\/web\/wp-json\/wp\/v2\/categories?post=14351"},{"taxonomy":"post_tag","embeddable":true,"href":"https:\/\/www.escolasdesoure.pt\/web\/wp-json\/wp\/v2\/tags?post=14351"}],"curies":[{"name":"wp","href":"https:\/\/api.w.org\/{rel}","templated":true}]}}