{"id":13802,"date":"2020-05-08T21:00:34","date_gmt":"2020-05-08T20:00:34","guid":{"rendered":"https:\/\/www.escolasdesoure.pt\/web\/?p=13802"},"modified":"2020-05-08T21:00:44","modified_gmt":"2020-05-08T20:00:44","slug":"dia-mundial-do-livro-2","status":"publish","type":"post","link":"https:\/\/www.escolasdesoure.pt\/web\/2020\/05\/dia-mundial-do-livro-2\/","title":{"rendered":"Dia Mundial do Livro"},"content":{"rendered":"<p>Assinalando o Dia Mundial do Livro, as Bibliotecas Escolares, mantendo a sua matriz de servi\u00e7o e apoio \u00e0 comunidade educativa, selecionaram um conjunto de livros que se encontram em dom\u00ednio p\u00fablico e que foram recomendados aos seus leitores. Em paralelo, e tendo por base o cartaz comemorativo da efem\u00e9ride, dinamizaram uma atividade de literacia visual. Participaram na atividade 57 alunos do 1\u00baCEB, 55 alunos do 2\u00ba CEB, 106 alunos do 3\u00ba CEB e 8 alunos do ensino secund\u00e1rio. Em cada ciclo de ensino destacamos algumas das frases\/legendas que nos podem inspirar.<\/p>\n<p>Bibliotecas Escolares | Estamos ON<\/p>\n<p><img decoding=\"async\" class=\"aligncenter size-full wp-image-13803\" src=\"https:\/\/www.escolasdesoure.pt\/web\/wp-content\/uploads\/2020\/05\/CartazAlunosDiaMLivro.jpg\" alt=\"\" width=\"566\" height=\"800\" srcset=\"https:\/\/www.escolasdesoure.pt\/web\/wp-content\/uploads\/2020\/05\/CartazAlunosDiaMLivro.jpg 566w, https:\/\/www.escolasdesoure.pt\/web\/wp-content\/uploads\/2020\/05\/CartazAlunosDiaMLivro-212x300.jpg 212w\" sizes=\"(max-width: 566px) 100vw, 566px\" \/><\/p>\n","protected":false},"excerpt":{"rendered":"<p>Assinalando o Dia Mundial do Livro, as Bibliotecas Escolares, mantendo a sua matriz de servi\u00e7o e apoio \u00e0 comunidade educativa, selecionaram um conjunto de livros<a href=\"https:\/\/www.escolasdesoure.pt\/web\/2020\/05\/dia-mundial-do-livro-2\/\" class=\"more-link\"><span class=\"screen-reader-text\"> &#8220;Dia Mundial do Livro&#8221;<\/span><\/a><\/p>\n","protected":false},"author":1,"featured_media":13803,"comment_status":"closed","ping_status":"closed","sticky":false,"template":"","format":"standard","meta":{"footnotes":""},"categories":[1],"tags":[46,164],"class_list":["post-13802","post","type-post","status-publish","format-standard","has-post-thumbnail","hentry","category-noticias","tag-biblioteca","tag-dia-mundial-do-livro"],"_links":{"self":[{"href":"https:\/\/www.escolasdesoure.pt\/web\/wp-json\/wp\/v2\/posts\/13802","targetHints":{"allow":["GET"]}}],"collection":[{"href":"https:\/\/www.escolasdesoure.pt\/web\/wp-json\/wp\/v2\/posts"}],"about":[{"href":"https:\/\/www.escolasdesoure.pt\/web\/wp-json\/wp\/v2\/types\/post"}],"author":[{"embeddable":true,"href":"https:\/\/www.escolasdesoure.pt\/web\/wp-json\/wp\/v2\/users\/1"}],"replies":[{"embeddable":true,"href":"https:\/\/www.escolasdesoure.pt\/web\/wp-json\/wp\/v2\/comments?post=13802"}],"version-history":[{"count":1,"href":"https:\/\/www.escolasdesoure.pt\/web\/wp-json\/wp\/v2\/posts\/13802\/revisions"}],"predecessor-version":[{"id":13804,"href":"https:\/\/www.escolasdesoure.pt\/web\/wp-json\/wp\/v2\/posts\/13802\/revisions\/13804"}],"wp:featuredmedia":[{"embeddable":true,"href":"https:\/\/www.escolasdesoure.pt\/web\/wp-json\/wp\/v2\/media\/13803"}],"wp:attachment":[{"href":"https:\/\/www.escolasdesoure.pt\/web\/wp-json\/wp\/v2\/media?parent=13802"}],"wp:term":[{"taxonomy":"category","embeddable":true,"href":"https:\/\/www.escolasdesoure.pt\/web\/wp-json\/wp\/v2\/categories?post=13802"},{"taxonomy":"post_tag","embeddable":true,"href":"https:\/\/www.escolasdesoure.pt\/web\/wp-json\/wp\/v2\/tags?post=13802"}],"curies":[{"name":"wp","href":"https:\/\/api.w.org\/{rel}","templated":true}]}}