{"id":136,"date":"2019-11-08T16:05:13","date_gmt":"2019-11-08T16:05:13","guid":{"rendered":"https:\/\/aemaerasmusmais.wordpress.com\/?p=136"},"modified":"2019-11-08T16:05:13","modified_gmt":"2019-11-08T16:05:13","slug":"projeto-de-mobilidade-de-docentes","status":"publish","type":"post","link":"https:\/\/www.escolasdesoure.pt\/web\/2019\/11\/projeto-de-mobilidade-de-docentes\/","title":{"rendered":"Projeto de mobilidade de docentes"},"content":{"rendered":"\n<p>O projeto Agrupamento de Escolas de Soure na Europa surge de uma\nnecessidade de melhorar os resultados escolares na matem\u00e1tica\ne l\u00ednguas estrangeiras; melhorar a integra\u00e7\u00e3o de\nalunos com dificuldades nas atividades em contexto de sala de aula e de uma\nnecessidade de melhorar mecanismos de gest\u00e3o e comunica\u00e7\u00e3o do AES. Os objetivos previstos para este\nprojeto s\u00e3o: at\u00e9 ao final do ano letivo de 2020\/21, os resultados\nescolares de discentes nas \u00e1reas de matem\u00e1tica e l\u00ednguas estrangeiras dever\u00e3o\nmelhorar em 5%; at\u00e9 ao final do ano letivo de 2020\/21, os problemas comportamentais\nexistentes no AES dever\u00e3o diminuir em 5%; at\u00e9 ao final do ano letivo de 2020\/21, o AES dever\u00e1 ter\nadotado e implementado mecanismos de melhoria da distribui\u00e7\u00e3o do\ntrabalho docente e de comunica\u00e7\u00e3o interna e externa das atividades do agrupamento.<\/p>\n\n\n\n<p>Para atingirmos estes objetivos o projeto aprovado prev\u00ea a\nrealiza\u00e7\u00e3o de mobilidades de docentes do ensino escolar num per\u00edodo\nde 2 anos com uma dura\u00e7\u00e3o m\u00e1xima de 7 dias (5 dias de atividades e dois dias de viagem).\nAs atividades de mobilidade que melhor se adequam s\u00e3o\njobshadowing (observa\u00e7\u00e3o de pr\u00e1ticas\nprofissionais no local<em>)<\/em> e participa\u00e7\u00e3o em cursos de forma\u00e7\u00e3o\nestruturados. Nas atividades de jobshadowing, 2 mobilidades ser\u00e3o na \u00e1rea\nda gest\u00e3o escolar para respons\u00e1veis da dire\u00e7\u00e3o do AES e 1 mobilidade na \u00e1rea\ndo ensino das l\u00ednguas estrangeiras para docente desta \u00e1rea.\nRelativamente \u00e0s 7 mobilidades para frequ\u00eancia de cursos de forma\u00e7\u00e3o, 2\nser\u00e3o na \u00e1rea da motiva\u00e7\u00e3o e inclus\u00e3o de alunos\/as com dificuldades; 2 na \u00e1rea\ndo ensino das l\u00ednguas estrangeiras; 2 na \u00e1rea da utiliza\u00e7\u00e3o ferramentas digitais em sala de aula e 1 mobilidade\nna \u00e1rea do ensino da matem\u00e1tica.<\/p>\n\n\n\n<p>Como resultados espera-se ao n\u00edvel da organiza\u00e7\u00e3o: melhoria da capacidade de gest\u00e3o;\nmelhor organiza\u00e7\u00e3o do ano letivo; melhor distribui\u00e7\u00e3o do\ntrabalho docente; melhoria das estrat\u00e9gias para inclus\u00e3o de alunos\/as com dificuldades; melhor\nplaneamento estrat\u00e9gico do desenvolvimento profissional do seu staff; maior\ninternacionaliza\u00e7\u00e3o do agrupamento com a melhoria da capacidade para\ntrabalhar a n\u00edvel europeu. Como impacto nos\/as docentes espera-se:\nmelhoria de compet\u00eancias para a doc\u00eancia; melhoria da qualidade do seu trabalho e,\nconsequentemente, da din\u00e2mica de aula a favor dos\/das alunos\/as; melhor integra\u00e7\u00e3o de estudantes\ncom dificuldades em sala de aula; maior motiva\u00e7\u00e3o profissional. Os resultados esperados nos\/as\nalunos\/as s\u00e3o melhoria dos resultados escolares a l\u00ednguas\nestrangeiras e matem\u00e1tica e, consequentemente, melhoria de compet\u00eancias\nde l\u00edngua estrangeira e pensamento matem\u00e1tico;\nmaior motiva\u00e7\u00e3o para a aprendizagem; maior capacidade de adapta\u00e7\u00e3o e\naceita\u00e7\u00e3o do outro diferente.<\/p>\n\n\n\n<p>A longo prazo pretende-se que o AES continue a sua internacionaliza\u00e7\u00e3o de\nforma consistente, desenvolvendo mais projetos de mobilidade de staff\neducativo, mobilidade de alunos\/as do ensino profissional e participando (como\ncoordenador e\/ou parceiro) em projetos de parcerias estrat\u00e9gias quer\nna \u00e1rea da educa\u00e7\u00e3o escolar como na educa\u00e7\u00e3o de\nadultos.<\/p>\n","protected":false},"excerpt":{"rendered":"<p>O projeto Agrupamento de Escolas de Soure na Europa surge de uma necessidade de melhorar os resultados escolares na matem\u00e1tica e l\u00ednguas estrangeiras; melhorar a<a href=\"https:\/\/www.escolasdesoure.pt\/web\/2019\/11\/projeto-de-mobilidade-de-docentes\/\" class=\"more-link\"><span class=\"screen-reader-text\"> &#8220;Projeto de mobilidade de docentes&#8221;<\/span><\/a><\/p>\n","protected":false},"author":1,"featured_media":0,"comment_status":"open","ping_status":"open","sticky":false,"template":"","format":"standard","meta":{"footnotes":""},"categories":[350],"tags":[],"class_list":["post-136","post","type-post","status-publish","format-standard","hentry","category-o-agrupamento-na-europa"],"_links":{"self":[{"href":"https:\/\/www.escolasdesoure.pt\/web\/wp-json\/wp\/v2\/posts\/136","targetHints":{"allow":["GET"]}}],"collection":[{"href":"https:\/\/www.escolasdesoure.pt\/web\/wp-json\/wp\/v2\/posts"}],"about":[{"href":"https:\/\/www.escolasdesoure.pt\/web\/wp-json\/wp\/v2\/types\/post"}],"author":[{"embeddable":true,"href":"https:\/\/www.escolasdesoure.pt\/web\/wp-json\/wp\/v2\/users\/1"}],"replies":[{"embeddable":true,"href":"https:\/\/www.escolasdesoure.pt\/web\/wp-json\/wp\/v2\/comments?post=136"}],"version-history":[{"count":0,"href":"https:\/\/www.escolasdesoure.pt\/web\/wp-json\/wp\/v2\/posts\/136\/revisions"}],"wp:attachment":[{"href":"https:\/\/www.escolasdesoure.pt\/web\/wp-json\/wp\/v2\/media?parent=136"}],"wp:term":[{"taxonomy":"category","embeddable":true,"href":"https:\/\/www.escolasdesoure.pt\/web\/wp-json\/wp\/v2\/categories?post=136"},{"taxonomy":"post_tag","embeddable":true,"href":"https:\/\/www.escolasdesoure.pt\/web\/wp-json\/wp\/v2\/tags?post=136"}],"curies":[{"name":"wp","href":"https:\/\/api.w.org\/{rel}","templated":true}]}}