{"id":13554,"date":"2020-02-28T10:30:06","date_gmt":"2020-02-28T10:30:06","guid":{"rendered":"https:\/\/www.escolasdesoure.pt\/web\/?p=13554"},"modified":"2020-02-28T10:36:58","modified_gmt":"2020-02-28T10:36:58","slug":"viver-o-carnaval-no-centro-escolar-do-marco-2","status":"publish","type":"post","link":"https:\/\/www.escolasdesoure.pt\/web\/2020\/02\/viver-o-carnaval-no-centro-escolar-do-marco-2\/","title":{"rendered":"Viver o Carnaval no Centro Escolar do Marco"},"content":{"rendered":"<p>Este ano, por raz\u00f5es alheias \u00e0 nossa vontade, a nossa escola comemorou o carnaval de forma diferente, mas bastante intensa e divertida.<br \/>\nAs nossas crian\u00e7as mascararam-se dos mais variados disfarces: pirata, panda, princesa, capit\u00e3o Am\u00e9rica, Batman, m\u00e9dico, bailarina, borboleta, \u00edndio, joaninha, espanhola, abelha, minion, era uma aut\u00eantica variedade de criatividade, cores, brilho e acima de tudo muita alegria!<br \/>\nRealiz\u00e1mos trabalhos manuais, reutilizando materiais; houve um tradicional Baile de Carnaval; uma sess\u00e3o de cinema onde n\u00e3o faltaram pipocas, mousse de chocolate e arroz doce.<br \/>\nAo fim do dia e depois de tanto divertimento fizemos um pequeno desfile pela aldeia at\u00e9 ao largo da igreja onde nos esperava uma grande surpresa. No \u00e2mbito do projeto Eco Escolas, fomos ver o soltar de uma ave selvagem, mais concretamente uma coruja-do-mato, experi\u00eancia \u00fanica proporcionada pelo CERVAS \u2013 Centro de Ecologia, Recupera\u00e7\u00e3o e Vigil\u00e2ncia de Animais Selvagens, sediado em Gouveia que em parceria com o SEPNA \u2013 Servi\u00e7o de Prote\u00e7\u00e3o da Natureza e do Ambiente (GNR) de Montemor-o-Velho e o representante dos pais, Sr. Carlos Lu\u00eds, nos proporcionou este momento.<br \/>\n<iframe loading=\"lazy\" src=\"https:\/\/docs.google.com\/presentation\/d\/e\/2PACX-1vSYhlnIKTIzE0OQB1mWE_iDt7LdwrjxhuLdjKIDCGsftUgnUe0fIGO7smr0-JzT_Em2e6xMOLnJQEbs\/embed?start=true&amp;loop=true&amp;delayms=3000\" width=\"100%\" height=\"400\" frameborder=\"0\" allowfullscreen=\"allowfullscreen\"><span data-mce-type=\"bookmark\" style=\"display: inline-block; width: 0px; overflow: hidden; line-height: 0;\" class=\"mce_SELRES_start\">?<\/span><\/iframe><br \/>\nCE de Samuel<\/p>\n","protected":false},"excerpt":{"rendered":"<p>Este ano, por raz\u00f5es alheias \u00e0 nossa vontade, a nossa escola comemorou o carnaval de forma diferente, mas bastante intensa e divertida. As nossas crian\u00e7as<a href=\"https:\/\/www.escolasdesoure.pt\/web\/2020\/02\/viver-o-carnaval-no-centro-escolar-do-marco-2\/\" class=\"more-link\"><span class=\"screen-reader-text\"> &#8220;Viver o Carnaval no Centro Escolar do Marco&#8221;<\/span><\/a><\/p>\n","protected":false},"author":1,"featured_media":8555,"comment_status":"closed","ping_status":"closed","sticky":false,"template":"","format":"standard","meta":{"footnotes":""},"categories":[1],"tags":[66,319],"class_list":["post-13554","post","type-post","status-publish","format-standard","has-post-thumbnail","hentry","category-noticias","tag-carnaval","tag-centro-escolar-de-marco"],"_links":{"self":[{"href":"https:\/\/www.escolasdesoure.pt\/web\/wp-json\/wp\/v2\/posts\/13554","targetHints":{"allow":["GET"]}}],"collection":[{"href":"https:\/\/www.escolasdesoure.pt\/web\/wp-json\/wp\/v2\/posts"}],"about":[{"href":"https:\/\/www.escolasdesoure.pt\/web\/wp-json\/wp\/v2\/types\/post"}],"author":[{"embeddable":true,"href":"https:\/\/www.escolasdesoure.pt\/web\/wp-json\/wp\/v2\/users\/1"}],"replies":[{"embeddable":true,"href":"https:\/\/www.escolasdesoure.pt\/web\/wp-json\/wp\/v2\/comments?post=13554"}],"version-history":[{"count":1,"href":"https:\/\/www.escolasdesoure.pt\/web\/wp-json\/wp\/v2\/posts\/13554\/revisions"}],"predecessor-version":[{"id":13555,"href":"https:\/\/www.escolasdesoure.pt\/web\/wp-json\/wp\/v2\/posts\/13554\/revisions\/13555"}],"wp:featuredmedia":[{"embeddable":true,"href":"https:\/\/www.escolasdesoure.pt\/web\/wp-json\/wp\/v2\/media\/8555"}],"wp:attachment":[{"href":"https:\/\/www.escolasdesoure.pt\/web\/wp-json\/wp\/v2\/media?parent=13554"}],"wp:term":[{"taxonomy":"category","embeddable":true,"href":"https:\/\/www.escolasdesoure.pt\/web\/wp-json\/wp\/v2\/categories?post=13554"},{"taxonomy":"post_tag","embeddable":true,"href":"https:\/\/www.escolasdesoure.pt\/web\/wp-json\/wp\/v2\/tags?post=13554"}],"curies":[{"name":"wp","href":"https:\/\/api.w.org\/{rel}","templated":true}]}}