{"id":13492,"date":"2020-01-31T09:17:44","date_gmt":"2020-01-31T09:17:44","guid":{"rendered":"https:\/\/www.escolasdesoure.pt\/web\/?p=13492"},"modified":"2020-01-31T09:17:44","modified_gmt":"2020-01-31T09:17:44","slug":"amigos-inseparaveis","status":"publish","type":"post","link":"https:\/\/www.escolasdesoure.pt\/web\/2020\/01\/amigos-inseparaveis\/","title":{"rendered":"\u201cAmigos insepar\u00e1veis\u201d"},"content":{"rendered":"<p><strong>Lan\u00e7amento do livro \u201cHist\u00f3rias da Ajudaris\u201919\u201d<\/strong><\/p>\n<p><img decoding=\"async\" class=\"alignright size-medium wp-image-13493\" src=\"https:\/\/www.escolasdesoure.pt\/web\/wp-content\/uploads\/2020\/01\/IMG_20200124_182423-300x225.jpg\" alt=\"\" width=\"300\" height=\"225\" srcset=\"https:\/\/www.escolasdesoure.pt\/web\/wp-content\/uploads\/2020\/01\/IMG_20200124_182423-300x225.jpg 300w, https:\/\/www.escolasdesoure.pt\/web\/wp-content\/uploads\/2020\/01\/IMG_20200124_182423-768x576.jpg 768w, https:\/\/www.escolasdesoure.pt\/web\/wp-content\/uploads\/2020\/01\/IMG_20200124_182423.jpg 800w\" sizes=\"(max-width: 300px) 100vw, 300px\" \/>No dia 24 de janeiro, pelas 18h, na Biblioteca Municipal de Soure, realizou-se o lan\u00e7amento do livro \u201cHist\u00f3rias da Ajudaris\u201919\u201d, organizada e dinamizada pela turma do 6\u00baA, que contou com a presen\u00e7a da diretora do nosso Agrupamento, do vereador da C\u00e2mara Municipal de Soure, da presidente da Ajudaris, de professores, assistentes operacionais da Escola B\u00e1sica, pais, familiares e alunos.<br \/>\nEste projeto teve in\u00edcio no ano letivo anterior, com a cria\u00e7\u00e3o de contos pelos alunos das turmas do 5\u00baA, 5\u00baB e 6\u00baC, tendo sido selecionada para publica\u00e7\u00e3o a hist\u00f3ria \u201cAmigos insepar\u00e1veis\u201d do 5\u00baA.<br \/>\nEste projeto, que come\u00e7ou na disciplina de portugu\u00eas, depressa se estendeu \u00e0 biblioteca da nossa escola, \u00e0s disciplinas de educa\u00e7\u00e3o musical, visual e tecnol\u00f3gica. Houve uma harmonia de conte\u00fados como se de amigos insepar\u00e1veis se tratasse.<br \/>\nO projeto \u201cHist\u00f3rias da Ajudaris\u201d, criado em 2009, \u00e9 um dos projetos mais\u00a0inovadores e emblem\u00e1ticos da Ajudaris, promovendo a leitura, a escrita, a arte e a solidariedade. Os participantes, com a orienta\u00e7\u00e3o de professores, tornam-se verdadeiros autores de hist\u00f3rias de encantar sobre temas como a solidariedade, os afetos, a cidadania, o ambiente, os valores, entre outros. Cada hist\u00f3ria conta com um ilustrador solid\u00e1rio que colhe inspira\u00e7\u00e3o na hist\u00f3ria que lhe \u00e9 atribu\u00edda, dando cor e vida \u00e0s suas personagens e cen\u00e1rios. As hist\u00f3rias postas \u00e0 venda v\u00e3o contribuir para sorrisos de crian\u00e7as, jovens e adultos carenciados.<br \/>\nA hist\u00f3ria \u201cAmigos insepar\u00e1veis\u201d, depois de adaptada, foi lida por dois alunos e representada em teatro de sombras. O poema \u201cTer um amigo\u201d de Leif Kristiansson, lido por duas alunas, e as m\u00fasicas \u201cUm amigo \u00e9 um bem\u201d (Ant\u00f3nio Talefe) e \u201cEu gosto de ti\u201d (Marisa Liz e \u00c1urea) cantadas pela turma contribu\u00edram para encher a sala de emo\u00e7\u00f5es e magia\u2026.<br \/>\nEsta apresenta\u00e7\u00e3o deixou visivelmente emocionada a presidente da Ajudaris que subiu ao palco e contou a sua hist\u00f3ria, que \u00e9 tamb\u00e9m a hist\u00f3ria da Ajudaris. Pela sua m\u00e3o, todos os alunos receberam os certificados de participa\u00e7\u00e3o neste projeto solid\u00e1rio. No final, decorreu uma sess\u00e3o de aut\u00f3grafos pelos nossos pequenos escritores.<br \/>\nPara os alunos, participar neste projeto foi um desafio de cidadania que abra\u00e7aram com entusiasmo, trabalho e responsabilidade. Ver o seu conto selecionado foi a primeira recompensa. Tamb\u00e9m se sentiram recompensados por poderem representar o agrupamento, por poderem partilhar a imagina\u00e7\u00e3o, a criatividade, a escrita, porque (alguns) sonham um dia ser escritores.<\/p>\n<p style=\"text-align: right;\">Ana Cotovio e \u00c2ngela Varela<\/p>\n","protected":false},"excerpt":{"rendered":"<p>Lan\u00e7amento do livro \u201cHist\u00f3rias da Ajudaris\u201919\u201d No dia 24 de janeiro, pelas 18h, na Biblioteca Municipal de Soure, realizou-se o lan\u00e7amento do livro \u201cHist\u00f3rias da<a href=\"https:\/\/www.escolasdesoure.pt\/web\/2020\/01\/amigos-inseparaveis\/\" class=\"more-link\"><span class=\"screen-reader-text\"> &#8220;\u201cAmigos insepar\u00e1veis\u201d&#8221;<\/span><\/a><\/p>\n","protected":false},"author":1,"featured_media":13493,"comment_status":"closed","ping_status":"closed","sticky":false,"template":"","format":"standard","meta":{"footnotes":""},"categories":[1],"tags":[],"class_list":["post-13492","post","type-post","status-publish","format-standard","has-post-thumbnail","hentry","category-noticias"],"_links":{"self":[{"href":"https:\/\/www.escolasdesoure.pt\/web\/wp-json\/wp\/v2\/posts\/13492","targetHints":{"allow":["GET"]}}],"collection":[{"href":"https:\/\/www.escolasdesoure.pt\/web\/wp-json\/wp\/v2\/posts"}],"about":[{"href":"https:\/\/www.escolasdesoure.pt\/web\/wp-json\/wp\/v2\/types\/post"}],"author":[{"embeddable":true,"href":"https:\/\/www.escolasdesoure.pt\/web\/wp-json\/wp\/v2\/users\/1"}],"replies":[{"embeddable":true,"href":"https:\/\/www.escolasdesoure.pt\/web\/wp-json\/wp\/v2\/comments?post=13492"}],"version-history":[{"count":1,"href":"https:\/\/www.escolasdesoure.pt\/web\/wp-json\/wp\/v2\/posts\/13492\/revisions"}],"predecessor-version":[{"id":13494,"href":"https:\/\/www.escolasdesoure.pt\/web\/wp-json\/wp\/v2\/posts\/13492\/revisions\/13494"}],"wp:featuredmedia":[{"embeddable":true,"href":"https:\/\/www.escolasdesoure.pt\/web\/wp-json\/wp\/v2\/media\/13493"}],"wp:attachment":[{"href":"https:\/\/www.escolasdesoure.pt\/web\/wp-json\/wp\/v2\/media?parent=13492"}],"wp:term":[{"taxonomy":"category","embeddable":true,"href":"https:\/\/www.escolasdesoure.pt\/web\/wp-json\/wp\/v2\/categories?post=13492"},{"taxonomy":"post_tag","embeddable":true,"href":"https:\/\/www.escolasdesoure.pt\/web\/wp-json\/wp\/v2\/tags?post=13492"}],"curies":[{"name":"wp","href":"https:\/\/api.w.org\/{rel}","templated":true}]}}