{"id":12977,"date":"2019-09-27T09:59:11","date_gmt":"2019-09-27T08:59:11","guid":{"rendered":"https:\/\/www.escolasdesoure.pt\/web\/?p=12977"},"modified":"2019-09-27T10:00:23","modified_gmt":"2019-09-27T09:00:23","slug":"12977-2","status":"publish","type":"post","link":"https:\/\/www.escolasdesoure.pt\/web\/2019\/09\/12977-2\/","title":{"rendered":"Greve Clim\u00e1tica Global"},"content":{"rendered":"<p style=\"font-weight: 400;\">Sendo em conta que o Programa Eco-Escolas trabalha na educa\u00e7\u00e3o dos mais jovens para uma cidadania ativa e interventiva, condi\u00e7\u00e3o essencial para a promo\u00e7\u00e3o da sustentabilidade, a nossa Eco-escola junta-se aos movimentos juvenis, que t\u00eam surgido um pouco por todo o mundo, no alerta para as altera\u00e7\u00f5es clim\u00e1ticas.<\/p>\n<p style=\"font-weight: 400;\"><strong>Assim, e tal como em outras Eco-escolas,<\/strong><strong>\u00a0a\u00a0 Bandeira Verde\u00a0\u00a0<\/strong><strong>estar\u00e1<\/strong><strong>\u00a0a meia haste\u00a0<\/strong>at\u00e9 \u00e0 pr\u00f3xima 2\u00aafeira, como\u00a0<u>s\u00edmbolo de pesar e de\u00a0alerta para a urg\u00eancia\u00a0das medidas para inverter as altera\u00e7\u00f5es clim\u00e1ticas<\/u>.<\/p>\n<p><img decoding=\"async\" class=\"aligncenter size-full wp-image-12978\" src=\"https:\/\/www.escolasdesoure.pt\/web\/wp-content\/uploads\/2019\/09\/bandeira_meia_hasteb.jpg\" alt=\"\" width=\"800\" height=\"1131\" srcset=\"https:\/\/www.escolasdesoure.pt\/web\/wp-content\/uploads\/2019\/09\/bandeira_meia_hasteb.jpg 800w, https:\/\/www.escolasdesoure.pt\/web\/wp-content\/uploads\/2019\/09\/bandeira_meia_hasteb-212x300.jpg 212w, https:\/\/www.escolasdesoure.pt\/web\/wp-content\/uploads\/2019\/09\/bandeira_meia_hasteb-768x1086.jpg 768w, https:\/\/www.escolasdesoure.pt\/web\/wp-content\/uploads\/2019\/09\/bandeira_meia_hasteb-724x1024.jpg 724w\" sizes=\"(max-width: 800px) 100vw, 800px\" \/><\/p>\n","protected":false},"excerpt":{"rendered":"<p>Sendo em conta que o Programa Eco-Escolas trabalha na educa\u00e7\u00e3o dos mais jovens para uma cidadania ativa e interventiva, condi\u00e7\u00e3o essencial para a promo\u00e7\u00e3o da<a href=\"https:\/\/www.escolasdesoure.pt\/web\/2019\/09\/12977-2\/\" class=\"more-link\"><span class=\"screen-reader-text\"> &#8220;Greve Clim\u00e1tica Global&#8221;<\/span><\/a><\/p>\n","protected":false},"author":1,"featured_media":12978,"comment_status":"closed","ping_status":"closed","sticky":false,"template":"","format":"standard","meta":{"footnotes":""},"categories":[1],"tags":[276],"class_list":["post-12977","post","type-post","status-publish","format-standard","has-post-thumbnail","hentry","category-noticias","tag-eco-escolas"],"_links":{"self":[{"href":"https:\/\/www.escolasdesoure.pt\/web\/wp-json\/wp\/v2\/posts\/12977","targetHints":{"allow":["GET"]}}],"collection":[{"href":"https:\/\/www.escolasdesoure.pt\/web\/wp-json\/wp\/v2\/posts"}],"about":[{"href":"https:\/\/www.escolasdesoure.pt\/web\/wp-json\/wp\/v2\/types\/post"}],"author":[{"embeddable":true,"href":"https:\/\/www.escolasdesoure.pt\/web\/wp-json\/wp\/v2\/users\/1"}],"replies":[{"embeddable":true,"href":"https:\/\/www.escolasdesoure.pt\/web\/wp-json\/wp\/v2\/comments?post=12977"}],"version-history":[{"count":2,"href":"https:\/\/www.escolasdesoure.pt\/web\/wp-json\/wp\/v2\/posts\/12977\/revisions"}],"predecessor-version":[{"id":12980,"href":"https:\/\/www.escolasdesoure.pt\/web\/wp-json\/wp\/v2\/posts\/12977\/revisions\/12980"}],"wp:featuredmedia":[{"embeddable":true,"href":"https:\/\/www.escolasdesoure.pt\/web\/wp-json\/wp\/v2\/media\/12978"}],"wp:attachment":[{"href":"https:\/\/www.escolasdesoure.pt\/web\/wp-json\/wp\/v2\/media?parent=12977"}],"wp:term":[{"taxonomy":"category","embeddable":true,"href":"https:\/\/www.escolasdesoure.pt\/web\/wp-json\/wp\/v2\/categories?post=12977"},{"taxonomy":"post_tag","embeddable":true,"href":"https:\/\/www.escolasdesoure.pt\/web\/wp-json\/wp\/v2\/tags?post=12977"}],"curies":[{"name":"wp","href":"https:\/\/api.w.org\/{rel}","templated":true}]}}