{"id":12950,"date":"2019-09-18T10:41:23","date_gmt":"2019-09-18T09:41:23","guid":{"rendered":"https:\/\/www.escolasdesoure.pt\/web\/?p=12950"},"modified":"2019-09-18T10:41:23","modified_gmt":"2019-09-18T09:41:23","slug":"cerimonia-de-entrega-de-diplomas-e-certificados","status":"publish","type":"post","link":"https:\/\/www.escolasdesoure.pt\/web\/2019\/09\/cerimonia-de-entrega-de-diplomas-e-certificados\/","title":{"rendered":"Cerim\u00f3nia de entrega de diplomas e certificados"},"content":{"rendered":"<p>No dia 13 de setembro, dia de abertura das atividades letivas, procedeu-se \u00e0 cerim\u00f3nia de entrega dos diplomas de conclus\u00e3o do ensino secund\u00e1rio e dos certificados que distinguem os alunos que integraram os quadros de excel\u00eancia e de valor no ano letivo 2018\/2019. Foi um dia marcado pelo reconhecimento de quem se destacou pela excel\u00eancia e pelo m\u00e9rito, sendo uma inspira\u00e7\u00e3o para os trabalhos que ora se iniciam.<br \/>\nPresidiu \u00e0 cerim\u00f3nia o presidente do conselho geral, Fernando Cordeiro. A diretora, Lu\u00edsa Isabel Pereirinha, abriu a sess\u00e3o que contou com a presen\u00e7a do vereador da educa\u00e7\u00e3o, Gil Soares e do presidente da Associa\u00e7\u00e3o de Pais e Encarregados de Educa\u00e7\u00e3o, Jo\u00e3o Gante. Marcaram tamb\u00e9m presen\u00e7a presidentes de juntas de freguesia, a presidente da CPCJ, o presidente da Associa\u00e7\u00e3o de Defesa do Patrim\u00f3nio Cultural e Natural de Soure e do Grupo Desportivo Sourense e o representante da Santa Casa da Miseric\u00f3rdia, para al\u00e9m de pais e encarregados de educa\u00e7\u00e3o, alunos, professores e funcion\u00e1rios.<br \/>\nA cerim\u00f3nia, cuja apresenta\u00e7\u00e3o esteve a cargo da aluna Lara Mendes e da professora Margarida Carrington, foi marcada por uma forte componente cultural: um grupo de alunos, dirigido pela professora Edite Lopes, interpretou \u00e0 flauta e cantou v\u00e1rios sucessos musicais nacionais e internacionais; a can\u00e7\u00e3o de Coimbra esteve presente pela voz de Jorge Rodrigues e acompanhamento musical de Bas\u00edlio Fernandes e Paulo Bessa; o aluno Jo\u00e3o Pimentel, do grupo Art\u00b4 e v\u00edcios, e a professora Anabela Figueiredo declamaram o \u201cPoema Ecol\u00f3gico\u201d, de \u00c1lvaro Duarte Sim\u00f5es. Foram momentos \u00fanicos que dignificaram a cerim\u00f3nia, os presentes e, sobretudo, os homenageados.<br \/>\nForam ainda premiadas as turmas vencedoras do TOP Turma e atribu\u00eddos certificados e diplomas aos alunos que participaram nos projetos \u201cEmbracing Languages\u201d, &#8220;Let&#8217;s Create the Biggest Reading Club in Europe\u201d e \u201cEtwinneros Viajeros\u201d.<br \/>\nOs alunos que levaram o projeto \u201cNo Trilho da \u00c1gua\u201d \u00e0 Mostra Nacional do Concurso \u201cCi\u00eancia na Escola\u201d, promovido pela Funda\u00e7\u00e3o Il\u00eddio Pinho, e \u00e0 sess\u00e3o distrital do Concurso Ideias de Neg\u00f3cio, como representante do concelho de Soure, receberam tamb\u00e9m o seu certificado de participa\u00e7\u00e3o. Foi tamb\u00e9m entregue o Pr\u00e9mio de ilustra\u00e7\u00e3o do Eco-c\u00f3digo da Escola B\u00e1sica e Secund\u00e1ria Martinho \u00c1rias.<br \/>\nFoi uma cerim\u00f3nia que refletiu aquilo que o Agrupamento de Escolas Martinho \u00c1rias de Soure hoje pretende ser: uma refer\u00eancia na forma\u00e7\u00e3o de crian\u00e7as, jovens e adultos e um foco produtor e difusor de cultura. Sendo a mais importante institui\u00e7\u00e3o de ensino do concelho, quer assumir-se como um espa\u00e7o aberto a toda a comunidade capaz de projetar-se a si e as suas gentes para patamares de excel\u00eancia. E, sobretudo, quer fazer melhor.<\/p>\n<div id='gallery-1' class='gallery galleryid-12950 gallery-columns-1 gallery-size-full'><figure class='gallery-item'>\n\t\t\t<div class='gallery-icon landscape'>\n\t\t\t\t<a href='https:\/\/www.escolasdesoure.pt\/web\/2019\/09\/cerimonia-de-entrega-de-diplomas-e-certificados\/diploma-7\/'><img decoding=\"async\" width=\"843\" height=\"562\" src=\"https:\/\/www.escolasdesoure.pt\/web\/wp-content\/uploads\/2019\/09\/Diploma-7.jpg\" class=\"attachment-full size-full\" alt=\"\" srcset=\"https:\/\/www.escolasdesoure.pt\/web\/wp-content\/uploads\/2019\/09\/Diploma-7.jpg 843w, https:\/\/www.escolasdesoure.pt\/web\/wp-content\/uploads\/2019\/09\/Diploma-7-300x200.jpg 300w, https:\/\/www.escolasdesoure.pt\/web\/wp-content\/uploads\/2019\/09\/Diploma-7-768x512.jpg 768w\" sizes=\"(max-width: 843px) 100vw, 843px\" \/><\/a>\n\t\t\t<\/div><\/figure><figure class='gallery-item'>\n\t\t\t<div class='gallery-icon landscape'>\n\t\t\t\t<a href='https:\/\/www.escolasdesoure.pt\/web\/2019\/09\/cerimonia-de-entrega-de-diplomas-e-certificados\/diploma-6\/'><img decoding=\"async\" width=\"843\" height=\"562\" src=\"https:\/\/www.escolasdesoure.pt\/web\/wp-content\/uploads\/2019\/09\/Diploma-6.jpg\" class=\"attachment-full size-full\" alt=\"\" srcset=\"https:\/\/www.escolasdesoure.pt\/web\/wp-content\/uploads\/2019\/09\/Diploma-6.jpg 843w, https:\/\/www.escolasdesoure.pt\/web\/wp-content\/uploads\/2019\/09\/Diploma-6-300x200.jpg 300w, https:\/\/www.escolasdesoure.pt\/web\/wp-content\/uploads\/2019\/09\/Diploma-6-768x512.jpg 768w\" sizes=\"(max-width: 843px) 100vw, 843px\" \/><\/a>\n\t\t\t<\/div><\/figure><figure class='gallery-item'>\n\t\t\t<div class='gallery-icon landscape'>\n\t\t\t\t<a href='https:\/\/www.escolasdesoure.pt\/web\/2019\/09\/cerimonia-de-entrega-de-diplomas-e-certificados\/dsc_4123\/'><img decoding=\"async\" width=\"800\" height=\"533\" src=\"https:\/\/www.escolasdesoure.pt\/web\/wp-content\/uploads\/2019\/09\/DSC_4123.jpg\" class=\"attachment-full size-full\" alt=\"\" srcset=\"https:\/\/www.escolasdesoure.pt\/web\/wp-content\/uploads\/2019\/09\/DSC_4123.jpg 800w, https:\/\/www.escolasdesoure.pt\/web\/wp-content\/uploads\/2019\/09\/DSC_4123-300x200.jpg 300w, https:\/\/www.escolasdesoure.pt\/web\/wp-content\/uploads\/2019\/09\/DSC_4123-768x512.jpg 768w\" sizes=\"(max-width: 800px) 100vw, 800px\" \/><\/a>\n\t\t\t<\/div><\/figure><figure class='gallery-item'>\n\t\t\t<div class='gallery-icon landscape'>\n\t\t\t\t<a href='https:\/\/www.escolasdesoure.pt\/web\/2019\/09\/cerimonia-de-entrega-de-diplomas-e-certificados\/img_0562\/'><img decoding=\"async\" width=\"800\" height=\"533\" src=\"https:\/\/www.escolasdesoure.pt\/web\/wp-content\/uploads\/2019\/09\/IMG_0562.jpg\" class=\"attachment-full size-full\" alt=\"\" srcset=\"https:\/\/www.escolasdesoure.pt\/web\/wp-content\/uploads\/2019\/09\/IMG_0562.jpg 800w, https:\/\/www.escolasdesoure.pt\/web\/wp-content\/uploads\/2019\/09\/IMG_0562-300x200.jpg 300w, https:\/\/www.escolasdesoure.pt\/web\/wp-content\/uploads\/2019\/09\/IMG_0562-768x512.jpg 768w\" sizes=\"(max-width: 800px) 100vw, 800px\" \/><\/a>\n\t\t\t<\/div><\/figure>\n\t\t<\/div>\n\n","protected":false},"excerpt":{"rendered":"<p>No dia 13 de setembro, dia de abertura das atividades letivas, procedeu-se \u00e0 cerim\u00f3nia de entrega dos diplomas de conclus\u00e3o do ensino secund\u00e1rio e dos<a href=\"https:\/\/www.escolasdesoure.pt\/web\/2019\/09\/cerimonia-de-entrega-de-diplomas-e-certificados\/\" class=\"more-link\"><span class=\"screen-reader-text\"> &#8220;Cerim\u00f3nia de entrega de diplomas e certificados&#8221;<\/span><\/a><\/p>\n","protected":false},"author":1,"featured_media":12953,"comment_status":"closed","ping_status":"closed","sticky":false,"template":"","format":"standard","meta":{"footnotes":""},"categories":[1],"tags":[],"class_list":["post-12950","post","type-post","status-publish","format-standard","has-post-thumbnail","hentry","category-noticias"],"_links":{"self":[{"href":"https:\/\/www.escolasdesoure.pt\/web\/wp-json\/wp\/v2\/posts\/12950","targetHints":{"allow":["GET"]}}],"collection":[{"href":"https:\/\/www.escolasdesoure.pt\/web\/wp-json\/wp\/v2\/posts"}],"about":[{"href":"https:\/\/www.escolasdesoure.pt\/web\/wp-json\/wp\/v2\/types\/post"}],"author":[{"embeddable":true,"href":"https:\/\/www.escolasdesoure.pt\/web\/wp-json\/wp\/v2\/users\/1"}],"replies":[{"embeddable":true,"href":"https:\/\/www.escolasdesoure.pt\/web\/wp-json\/wp\/v2\/comments?post=12950"}],"version-history":[{"count":1,"href":"https:\/\/www.escolasdesoure.pt\/web\/wp-json\/wp\/v2\/posts\/12950\/revisions"}],"predecessor-version":[{"id":12955,"href":"https:\/\/www.escolasdesoure.pt\/web\/wp-json\/wp\/v2\/posts\/12950\/revisions\/12955"}],"wp:featuredmedia":[{"embeddable":true,"href":"https:\/\/www.escolasdesoure.pt\/web\/wp-json\/wp\/v2\/media\/12953"}],"wp:attachment":[{"href":"https:\/\/www.escolasdesoure.pt\/web\/wp-json\/wp\/v2\/media?parent=12950"}],"wp:term":[{"taxonomy":"category","embeddable":true,"href":"https:\/\/www.escolasdesoure.pt\/web\/wp-json\/wp\/v2\/categories?post=12950"},{"taxonomy":"post_tag","embeddable":true,"href":"https:\/\/www.escolasdesoure.pt\/web\/wp-json\/wp\/v2\/tags?post=12950"}],"curies":[{"name":"wp","href":"https:\/\/api.w.org\/{rel}","templated":true}]}}