{"id":12946,"date":"2019-09-18T10:27:25","date_gmt":"2019-09-18T09:27:25","guid":{"rendered":"https:\/\/www.escolasdesoure.pt\/web\/?p=12946"},"modified":"2019-09-18T10:41:40","modified_gmt":"2019-09-18T09:41:40","slug":"rececao-aos-alunos-e-encarregados-de-educacao-na-eb1-da-granja-do-ulmeiro","status":"publish","type":"post","link":"https:\/\/www.escolasdesoure.pt\/web\/2019\/09\/rececao-aos-alunos-e-encarregados-de-educacao-na-eb1-da-granja-do-ulmeiro\/","title":{"rendered":"Rece\u00e7\u00e3o aos alunos e Encarregados de Educa\u00e7\u00e3o na EB1 da Granja do Ulmeiro"},"content":{"rendered":"<p style=\"text-align: center;\">\u201cAprender \u00e9 uma festa\u201d<\/p>\n<p>No dia 13 de setembro de 2019 a EB1 da Granja do Ulmeiro abriu as portas a toda a comunidade educativa.<br \/>\nO dia come\u00e7ou com uma rece\u00e7\u00e3o aos alunos e Encarregados de Educa\u00e7\u00e3o no refeit\u00f3rio da Escola onde estiveram presentes o Vereador da Educa\u00e7\u00e3o Dr. Gil Soares, o Presidente da Junta de Freguesia da Granja do Ulmeiro, sr. Manuel Aires, o corpo docente e as assistentes operacionais.<br \/>\nA Escola de M\u00fasica da Granja do Ulmeiro tamb\u00e9m deu o seu contributo fazendo a abertura da rece\u00e7\u00e3o e proporcionou a toda a comunidade educativa um bom momento musical \u00e0 semelhan\u00e7a do ano letivo anterior.<br \/>\nDesta forma, deu-se in\u00edcio a mais um ano letivo tendo sempre presente que no nosso Agrupamento e na nossa escola \u201cAprender \u00e9 uma festa\u201d.<\/p>\n<p><img decoding=\"async\" class=\"aligncenter size-full wp-image-12948\" src=\"https:\/\/www.escolasdesoure.pt\/web\/wp-content\/uploads\/2019\/09\/Foto_rece\u00e7\u00e3o_19-20-2.jpg\" alt=\"\" width=\"800\" height=\"600\" srcset=\"https:\/\/www.escolasdesoure.pt\/web\/wp-content\/uploads\/2019\/09\/Foto_rece\u00e7\u00e3o_19-20-2.jpg 800w, https:\/\/www.escolasdesoure.pt\/web\/wp-content\/uploads\/2019\/09\/Foto_rece\u00e7\u00e3o_19-20-2-300x225.jpg 300w, https:\/\/www.escolasdesoure.pt\/web\/wp-content\/uploads\/2019\/09\/Foto_rece\u00e7\u00e3o_19-20-2-768x576.jpg 768w\" sizes=\"(max-width: 800px) 100vw, 800px\" \/><\/p>\n<p><img decoding=\"async\" class=\"aligncenter size-full wp-image-12947\" src=\"https:\/\/www.escolasdesoure.pt\/web\/wp-content\/uploads\/2019\/09\/Foto_-Rece\u00e7\u00e3o_19-20.jpg\" alt=\"\" width=\"800\" height=\"600\" srcset=\"https:\/\/www.escolasdesoure.pt\/web\/wp-content\/uploads\/2019\/09\/Foto_-Rece\u00e7\u00e3o_19-20.jpg 800w, https:\/\/www.escolasdesoure.pt\/web\/wp-content\/uploads\/2019\/09\/Foto_-Rece\u00e7\u00e3o_19-20-300x225.jpg 300w, https:\/\/www.escolasdesoure.pt\/web\/wp-content\/uploads\/2019\/09\/Foto_-Rece\u00e7\u00e3o_19-20-768x576.jpg 768w\" sizes=\"(max-width: 800px) 100vw, 800px\" \/><\/p>\n","protected":false},"excerpt":{"rendered":"<p>\u201cAprender \u00e9 uma festa\u201d No dia 13 de setembro de 2019 a EB1 da Granja do Ulmeiro abriu as portas a toda a comunidade educativa.<a href=\"https:\/\/www.escolasdesoure.pt\/web\/2019\/09\/rececao-aos-alunos-e-encarregados-de-educacao-na-eb1-da-granja-do-ulmeiro\/\" class=\"more-link\"><span class=\"screen-reader-text\"> &#8220;Rece\u00e7\u00e3o aos alunos e Encarregados de Educa\u00e7\u00e3o na EB1 da Granja do Ulmeiro&#8221;<\/span><\/a><\/p>\n","protected":false},"author":1,"featured_media":12947,"comment_status":"closed","ping_status":"closed","sticky":false,"template":"","format":"standard","meta":{"footnotes":""},"categories":[1],"tags":[],"class_list":["post-12946","post","type-post","status-publish","format-standard","has-post-thumbnail","hentry","category-noticias"],"_links":{"self":[{"href":"https:\/\/www.escolasdesoure.pt\/web\/wp-json\/wp\/v2\/posts\/12946","targetHints":{"allow":["GET"]}}],"collection":[{"href":"https:\/\/www.escolasdesoure.pt\/web\/wp-json\/wp\/v2\/posts"}],"about":[{"href":"https:\/\/www.escolasdesoure.pt\/web\/wp-json\/wp\/v2\/types\/post"}],"author":[{"embeddable":true,"href":"https:\/\/www.escolasdesoure.pt\/web\/wp-json\/wp\/v2\/users\/1"}],"replies":[{"embeddable":true,"href":"https:\/\/www.escolasdesoure.pt\/web\/wp-json\/wp\/v2\/comments?post=12946"}],"version-history":[{"count":1,"href":"https:\/\/www.escolasdesoure.pt\/web\/wp-json\/wp\/v2\/posts\/12946\/revisions"}],"predecessor-version":[{"id":12949,"href":"https:\/\/www.escolasdesoure.pt\/web\/wp-json\/wp\/v2\/posts\/12946\/revisions\/12949"}],"wp:featuredmedia":[{"embeddable":true,"href":"https:\/\/www.escolasdesoure.pt\/web\/wp-json\/wp\/v2\/media\/12947"}],"wp:attachment":[{"href":"https:\/\/www.escolasdesoure.pt\/web\/wp-json\/wp\/v2\/media?parent=12946"}],"wp:term":[{"taxonomy":"category","embeddable":true,"href":"https:\/\/www.escolasdesoure.pt\/web\/wp-json\/wp\/v2\/categories?post=12946"},{"taxonomy":"post_tag","embeddable":true,"href":"https:\/\/www.escolasdesoure.pt\/web\/wp-json\/wp\/v2\/tags?post=12946"}],"curies":[{"name":"wp","href":"https:\/\/api.w.org\/{rel}","templated":true}]}}