{"id":12926,"date":"2019-09-10T16:55:57","date_gmt":"2019-09-10T15:55:57","guid":{"rendered":"https:\/\/www.escolasdesoure.pt\/web\/?p=12926"},"modified":"2019-09-11T14:06:48","modified_gmt":"2019-09-11T13:06:48","slug":"rececao-do-pessoal-docente-e-nao-docente","status":"publish","type":"post","link":"https:\/\/www.escolasdesoure.pt\/web\/2019\/09\/rececao-do-pessoal-docente-e-nao-docente\/","title":{"rendered":"Rece\u00e7\u00e3o do pessoal docente e n\u00e3o docente"},"content":{"rendered":"<p>A rece\u00e7\u00e3o do pessoal docente e n\u00e3o docente do AEMA no presente ano letivo<br \/>\ndecorreu nos dias 3 e 9 de setembro,\u00a0contando com a presen\u00e7a de autarcas e<br \/>\nrepresentantes da comunidade, bem como\u00a0do poeta Ant\u00f3nio Carlos Cortez.<br \/>\nAnt\u00f3nio Carlos Cortez,\u00a0poeta, ensa\u00edsta e professor de literatura portuguesa e<br \/>\nportugu\u00eas, \u00e9 ainda investigador do Centro de Literatura de Express\u00e3o Portuguesa e<br \/>\nLus\u00f3fona da Universidade de Lisboa (CLEPUL), consultor do Plano Nacional de Leitura,<br \/>\ndo Clube UNESCO para a Literatura em Portugal e cr\u00edtico de poesia do\u00a0Jornal de<br \/>\nLetras\u00a0e das revistas\u00a0Col\u00f3quio\/Letras\u00a0e\u00a0Rel\u00e2mpago.\u00a0\u00c9 membro do PEN Clube<br \/>\nPortugu\u00eas.\u00a0Tem muitas obras publicadas (poesia e ensaio), poemas traduzidos em<br \/>\ndiversas l\u00ednguas europeias e presen\u00e7a em v\u00e1rias antologias. Tem-se destacado como<br \/>\num pensador do ensino da l\u00edngua e literaturas portuguesas, sobretudo atrav\u00e9s do meio<br \/>\nessencial que \u00e9 o livro.<br \/>\nFoi um contributo inspirador de arranque de ano letivo. Ant\u00f3nio Carlos Cortez<br \/>\ninquietou a plateia com uma perspetiva desafiante sobre o paradigma educativo<br \/>\ndominante, relembrando que a escola deve alimentar-se de cultura, impondo-se como<br \/>\n\u201cmuro contra a ditadura do banal\u201d. A escola \u00e9 lugar da mem\u00f3ria e da alta cultura.<br \/>\nAmbos os dias foram complementados com um lanche partilhado, que<br \/>\nsimboliza a coopera\u00e7\u00e3o e esp\u00edrito de equipa existente neste A. Escolas.<\/p>\n<p>Dia 13 de setembro, decorre a rece\u00e7\u00e3o aos alunos e encarregados de educa\u00e7\u00e3o,<br \/>\nculminando com a cerim\u00f3nia de entrega dos diplomas da conclus\u00e3o do ensino<br \/>\nsecund\u00e1rio, dos certificados que distinguem os alunos que integram os quadros de<br \/>\nexcel\u00eancia e de valor de 2018\/2019.<\/p>\n<div id='gallery-1' class='gallery galleryid-12926 gallery-columns-1 gallery-size-large'><figure class='gallery-item'>\n\t\t\t<div class='gallery-icon landscape'>\n\t\t\t\t<img decoding=\"async\" width=\"800\" height=\"530\" src=\"https:\/\/www.escolasdesoure.pt\/web\/wp-content\/uploads\/2019\/09\/DSC_0039.jpg\" class=\"attachment-large size-large\" alt=\"\" srcset=\"https:\/\/www.escolasdesoure.pt\/web\/wp-content\/uploads\/2019\/09\/DSC_0039.jpg 800w, https:\/\/www.escolasdesoure.pt\/web\/wp-content\/uploads\/2019\/09\/DSC_0039-300x199.jpg 300w, https:\/\/www.escolasdesoure.pt\/web\/wp-content\/uploads\/2019\/09\/DSC_0039-768x509.jpg 768w\" sizes=\"(max-width: 800px) 100vw, 800px\" \/>\n\t\t\t<\/div><\/figure><figure class='gallery-item'>\n\t\t\t<div class='gallery-icon landscape'>\n\t\t\t\t<img decoding=\"async\" width=\"800\" height=\"530\" src=\"https:\/\/www.escolasdesoure.pt\/web\/wp-content\/uploads\/2019\/09\/DSC_0042.jpg\" class=\"attachment-large size-large\" alt=\"\" srcset=\"https:\/\/www.escolasdesoure.pt\/web\/wp-content\/uploads\/2019\/09\/DSC_0042.jpg 800w, https:\/\/www.escolasdesoure.pt\/web\/wp-content\/uploads\/2019\/09\/DSC_0042-300x199.jpg 300w, https:\/\/www.escolasdesoure.pt\/web\/wp-content\/uploads\/2019\/09\/DSC_0042-768x509.jpg 768w\" sizes=\"(max-width: 800px) 100vw, 800px\" \/>\n\t\t\t<\/div><\/figure><figure class='gallery-item'>\n\t\t\t<div class='gallery-icon landscape'>\n\t\t\t\t<img decoding=\"async\" width=\"800\" height=\"530\" src=\"https:\/\/www.escolasdesoure.pt\/web\/wp-content\/uploads\/2019\/09\/DSC_0043.jpg\" class=\"attachment-large size-large\" alt=\"\" srcset=\"https:\/\/www.escolasdesoure.pt\/web\/wp-content\/uploads\/2019\/09\/DSC_0043.jpg 800w, https:\/\/www.escolasdesoure.pt\/web\/wp-content\/uploads\/2019\/09\/DSC_0043-300x199.jpg 300w, https:\/\/www.escolasdesoure.pt\/web\/wp-content\/uploads\/2019\/09\/DSC_0043-768x509.jpg 768w\" sizes=\"(max-width: 800px) 100vw, 800px\" \/>\n\t\t\t<\/div><\/figure><figure class='gallery-item'>\n\t\t\t<div class='gallery-icon landscape'>\n\t\t\t\t<img decoding=\"async\" width=\"800\" height=\"530\" src=\"https:\/\/www.escolasdesoure.pt\/web\/wp-content\/uploads\/2019\/09\/DSC_0084.jpg\" class=\"attachment-large size-large\" alt=\"\" srcset=\"https:\/\/www.escolasdesoure.pt\/web\/wp-content\/uploads\/2019\/09\/DSC_0084.jpg 800w, https:\/\/www.escolasdesoure.pt\/web\/wp-content\/uploads\/2019\/09\/DSC_0084-300x199.jpg 300w, https:\/\/www.escolasdesoure.pt\/web\/wp-content\/uploads\/2019\/09\/DSC_0084-768x509.jpg 768w\" sizes=\"(max-width: 800px) 100vw, 800px\" \/>\n\t\t\t<\/div><\/figure><figure class='gallery-item'>\n\t\t\t<div class='gallery-icon landscape'>\n\t\t\t\t<img decoding=\"async\" width=\"800\" height=\"600\" src=\"https:\/\/www.escolasdesoure.pt\/web\/wp-content\/uploads\/2019\/09\/IMG_20190903_102447.jpg\" class=\"attachment-large size-large\" alt=\"\" srcset=\"https:\/\/www.escolasdesoure.pt\/web\/wp-content\/uploads\/2019\/09\/IMG_20190903_102447.jpg 800w, https:\/\/www.escolasdesoure.pt\/web\/wp-content\/uploads\/2019\/09\/IMG_20190903_102447-300x225.jpg 300w, https:\/\/www.escolasdesoure.pt\/web\/wp-content\/uploads\/2019\/09\/IMG_20190903_102447-768x576.jpg 768w\" sizes=\"(max-width: 800px) 100vw, 800px\" \/>\n\t\t\t<\/div><\/figure><figure class='gallery-item'>\n\t\t\t<div class='gallery-icon landscape'>\n\t\t\t\t<img decoding=\"async\" width=\"800\" height=\"600\" src=\"https:\/\/www.escolasdesoure.pt\/web\/wp-content\/uploads\/2019\/09\/IMG_20190903_104226.jpg\" class=\"attachment-large size-large\" alt=\"\" srcset=\"https:\/\/www.escolasdesoure.pt\/web\/wp-content\/uploads\/2019\/09\/IMG_20190903_104226.jpg 800w, https:\/\/www.escolasdesoure.pt\/web\/wp-content\/uploads\/2019\/09\/IMG_20190903_104226-300x225.jpg 300w, https:\/\/www.escolasdesoure.pt\/web\/wp-content\/uploads\/2019\/09\/IMG_20190903_104226-768x576.jpg 768w\" sizes=\"(max-width: 800px) 100vw, 800px\" \/>\n\t\t\t<\/div><\/figure>\n\t\t<\/div>\n\n","protected":false},"excerpt":{"rendered":"<p>A rece\u00e7\u00e3o do pessoal docente e n\u00e3o docente do AEMA no presente ano letivo decorreu nos dias 3 e 9 de setembro,\u00a0contando com a presen\u00e7a<a href=\"https:\/\/www.escolasdesoure.pt\/web\/2019\/09\/rececao-do-pessoal-docente-e-nao-docente\/\" class=\"more-link\"><span class=\"screen-reader-text\"> &#8220;Rece\u00e7\u00e3o do pessoal docente e n\u00e3o docente&#8221;<\/span><\/a><\/p>\n","protected":false},"author":1,"featured_media":12927,"comment_status":"closed","ping_status":"closed","sticky":false,"template":"","format":"standard","meta":{"footnotes":""},"categories":[1],"tags":[],"class_list":["post-12926","post","type-post","status-publish","format-standard","has-post-thumbnail","hentry","category-noticias"],"_links":{"self":[{"href":"https:\/\/www.escolasdesoure.pt\/web\/wp-json\/wp\/v2\/posts\/12926","targetHints":{"allow":["GET"]}}],"collection":[{"href":"https:\/\/www.escolasdesoure.pt\/web\/wp-json\/wp\/v2\/posts"}],"about":[{"href":"https:\/\/www.escolasdesoure.pt\/web\/wp-json\/wp\/v2\/types\/post"}],"author":[{"embeddable":true,"href":"https:\/\/www.escolasdesoure.pt\/web\/wp-json\/wp\/v2\/users\/1"}],"replies":[{"embeddable":true,"href":"https:\/\/www.escolasdesoure.pt\/web\/wp-json\/wp\/v2\/comments?post=12926"}],"version-history":[{"count":4,"href":"https:\/\/www.escolasdesoure.pt\/web\/wp-json\/wp\/v2\/posts\/12926\/revisions"}],"predecessor-version":[{"id":12941,"href":"https:\/\/www.escolasdesoure.pt\/web\/wp-json\/wp\/v2\/posts\/12926\/revisions\/12941"}],"wp:featuredmedia":[{"embeddable":true,"href":"https:\/\/www.escolasdesoure.pt\/web\/wp-json\/wp\/v2\/media\/12927"}],"wp:attachment":[{"href":"https:\/\/www.escolasdesoure.pt\/web\/wp-json\/wp\/v2\/media?parent=12926"}],"wp:term":[{"taxonomy":"category","embeddable":true,"href":"https:\/\/www.escolasdesoure.pt\/web\/wp-json\/wp\/v2\/categories?post=12926"},{"taxonomy":"post_tag","embeddable":true,"href":"https:\/\/www.escolasdesoure.pt\/web\/wp-json\/wp\/v2\/tags?post=12926"}],"curies":[{"name":"wp","href":"https:\/\/api.w.org\/{rel}","templated":true}]}}