{"id":12912,"date":"2019-09-06T07:49:29","date_gmt":"2019-09-06T06:49:29","guid":{"rendered":"https:\/\/www.escolasdesoure.pt\/web\/?p=12912"},"modified":"2019-09-06T07:52:53","modified_gmt":"2019-09-06T06:52:53","slug":"rececaopaisee20192020","status":"publish","type":"post","link":"https:\/\/www.escolasdesoure.pt\/web\/2019\/09\/rececaopaisee20192020\/","title":{"rendered":"Rece\u00e7\u00e3o aos alunos e aos pais \/ encarregados de educa\u00e7\u00e3o"},"content":{"rendered":"<p>Informa-se que as <strong>atividades de rece\u00e7\u00e3o aos alunos e aos pais e encarregados de educa\u00e7\u00e3o<\/strong> decorrem no pr\u00f3ximo <strong>dia 13 de setembro<\/strong> de acordo com os mapas seguintes:<\/p>\n<h5 style=\"text-align: center;\"><strong>1\u00ba Ciclo<\/strong><\/h5>\n<table>\n<tbody>\n<tr>\n<td>Alfarelos<\/td>\n<td>9:30<\/td>\n<\/tr>\n<tr>\n<td>Degracias<\/td>\n<td>9:30<\/td>\n<\/tr>\n<tr>\n<td>Figueir\u00f3 do Campo<\/td>\n<td>9:00<\/td>\n<\/tr>\n<tr>\n<td>Granja Ulmeiro<\/td>\n<td>9:00<\/td>\n<\/tr>\n<tr>\n<td>Gesteira<\/td>\n<td>9:30<\/td>\n<\/tr>\n<tr>\n<td>Marco<\/td>\n<td>9:00<\/td>\n<\/tr>\n<tr>\n<td>Sobral<\/td>\n<td>9:00<\/td>\n<\/tr>\n<tr>\n<td>Soure<\/td>\n<td>9:30<\/td>\n<\/tr>\n<tr>\n<td>Tapeus<\/td>\n<td>9:30<\/td>\n<\/tr>\n<tr>\n<td>Vinha da Rainha<\/td>\n<td>9:00<\/td>\n<\/tr>\n<tr>\n<td>Vila Nova de An\u00e7os<\/td>\n<td>9:30<\/td>\n<\/tr>\n<\/tbody>\n<\/table>\n<p><strong>Nota:<\/strong> No 1\u00ba ciclo, ap\u00f3s a rece\u00e7\u00e3o, as atividades letivas decorrem de acordo com o hor\u00e1rio de cada turma.<\/p>\n<h5 style=\"text-align: center;\"><strong>EB de Soure &#8211; 11:00<\/strong><\/h5>\n<table>\n<tbody>\n<tr>\n<td style=\"text-align: center;\"><strong>ANO\/TURMA<\/strong><\/td>\n<td style=\"text-align: center;\"><strong>DIRETOR\/A DE TURMA<\/strong><\/td>\n<td style=\"text-align: center;\"><strong>SALA<\/strong><\/td>\n<\/tr>\n<tr>\n<td>5 A<\/td>\n<td>Alzira Dinis<\/td>\n<td>35<\/td>\n<\/tr>\n<tr>\n<td>5 B<\/td>\n<td>Ant\u00f3nio Ferreira<\/td>\n<td>31<\/td>\n<\/tr>\n<tr>\n<td>5 C<\/td>\n<td>Alfredo Mendes<\/td>\n<td>30<\/td>\n<\/tr>\n<tr>\n<td>5 D<\/td>\n<td>Preciosa Louren\u00e7o<\/td>\n<td>23<\/td>\n<\/tr>\n<tr>\n<td>5 E<\/td>\n<td>Concei\u00e7\u00e3o Costa<\/td>\n<td>16<\/td>\n<\/tr>\n<tr>\n<td>6 A<\/td>\n<td>Jo\u00e3o Soares<\/td>\n<td>33<\/td>\n<\/tr>\n<tr>\n<td>6 B<\/td>\n<td>Isabel Rodrigues<\/td>\n<td>14<\/td>\n<\/tr>\n<tr>\n<td>6 C<\/td>\n<td>Fernanda Ferreira<\/td>\n<td>36<\/td>\n<\/tr>\n<tr>\n<td>6 D<\/td>\n<td>Nat\u00e9rcia Silva<\/td>\n<td>13<\/td>\n<\/tr>\n<tr>\n<td>6 E<\/td>\n<td>Isabel Matos<\/td>\n<td>15<\/td>\n<\/tr>\n<\/tbody>\n<\/table>\n<p><strong>Nota:<\/strong> No 2\u00ba ciclo, ap\u00f3s a rece\u00e7\u00e3o, as atividades letivas decorrem de acordo com o hor\u00e1rio de cada turma, devendo, quem assim o pretender, adquirir senha de almo\u00e7o at\u00e9 \u00e0s 10h00.<\/p>\n<h5 style=\"text-align: center;\"><strong>Escola B\/S Martinho \u00c1rias de Soure &#8211; 16:30<\/strong><\/h5>\n<p style=\"text-align: center;\"><strong>Polidesportivo &#8211; Rece\u00e7\u00e3o dos alunos e encarregados de educa\u00e7\u00e3o.<\/strong><\/p>\n<table>\n<tbody>\n<tr>\n<td style=\"text-align: center;\"><strong>ANO\/TURMA<\/strong><\/td>\n<td><strong>DIRETOR\/A DE TURMA<\/strong><\/td>\n<td><strong>SALA<\/strong><\/td>\n<\/tr>\n<tr>\n<td>7 A<\/td>\n<td>F\u00e1tima Fernandes<\/td>\n<td>C.1.3<\/td>\n<\/tr>\n<tr>\n<td>7 B<\/td>\n<td>Filipe Rolo<\/td>\n<td>C.1.4<\/td>\n<\/tr>\n<tr>\n<td>7 C<\/td>\n<td>F\u00e1tima Rocha<\/td>\n<td>C.2.1<\/td>\n<\/tr>\n<tr>\n<td>7 D<\/td>\n<td>S\u00f3nia Pires<\/td>\n<td>C.2.2<\/td>\n<\/tr>\n<tr>\n<td>7 E<\/td>\n<td>Helena Maduro<\/td>\n<td>C.2.5<\/td>\n<\/tr>\n<tr>\n<td>8 A<\/td>\n<td>Anabela Figueiredo<\/td>\n<td>C.2.6<\/td>\n<\/tr>\n<tr>\n<td>8 B<\/td>\n<td>Ana Paula Gaspar<\/td>\n<td>C.2.7<\/td>\n<\/tr>\n<tr>\n<td>8 C<\/td>\n<td>Rui Monteiro<\/td>\n<td>C.2.8<\/td>\n<\/tr>\n<tr>\n<td>8 D<\/td>\n<td>Fernanda Ladeira<\/td>\n<td>C.2.11<\/td>\n<\/tr>\n<tr>\n<td>8 E<\/td>\n<td>Jo\u00e3o Rovira<\/td>\n<td>C.2.12<\/td>\n<\/tr>\n<tr>\n<td>9 A<\/td>\n<td>Ana Prata<\/td>\n<td>C.1.12<\/td>\n<\/tr>\n<tr>\n<td>9 B<\/td>\n<td>Anita Duarte<\/td>\n<td>B.1.8<\/td>\n<\/tr>\n<tr>\n<td>9 C<\/td>\n<td>Cristina Amado<\/td>\n<td>B.1.9<\/td>\n<\/tr>\n<tr>\n<td>9 D<\/td>\n<td>Rui Santos<\/td>\n<td>B.1.1<\/td>\n<\/tr>\n<tr>\n<td>9 E<\/td>\n<td>Matilde Azenha<\/td>\n<td>B.1.2<\/td>\n<\/tr>\n<tr>\n<td>10 A<\/td>\n<td>Filomena Nuno<\/td>\n<td>A.2.17<\/td>\n<\/tr>\n<tr>\n<td>10 B<\/td>\n<td>Isabel Janeiro<\/td>\n<td>A.2.18<\/td>\n<\/tr>\n<tr>\n<td>10 C<\/td>\n<td>Gl\u00f3ria Aleixo<\/td>\n<td>B.2.15<\/td>\n<\/tr>\n<tr>\n<td>1 D<\/td>\n<td>Florbela Santos<\/td>\n<td>A.2.10<\/td>\n<\/tr>\n<tr>\n<td>11 A<\/td>\n<td>Clara Lu\u00eds<\/td>\n<td>B.2.6<\/td>\n<\/tr>\n<tr>\n<td>11 B<\/td>\n<td>Gracinda Henriques<\/td>\n<td>B.1.14<\/td>\n<\/tr>\n<tr>\n<td>11 C<\/td>\n<td>Jos\u00e9 Carlos Mairos<\/td>\n<td>A.2.5<\/td>\n<\/tr>\n<tr>\n<td>2 D<\/td>\n<td>Teresa Reis<\/td>\n<td>C.2.13<\/td>\n<\/tr>\n<tr>\n<td>12 A<\/td>\n<td>Judite Augusto<\/td>\n<td>A.2.10<\/td>\n<\/tr>\n<tr>\n<td>12 B<\/td>\n<td>Lic\u00ednia Janeiro<\/td>\n<td>Audit\u00f3rio<\/td>\n<\/tr>\n<tr>\n<td>3 C<\/td>\n<td>Adelaide Alves<\/td>\n<td>C.2.19<\/td>\n<\/tr>\n<tr>\n<td>3 D<\/td>\n<td>Cristina Morais<\/td>\n<td>C.2.14<\/td>\n<\/tr>\n<\/tbody>\n<\/table>\n","protected":false},"excerpt":{"rendered":"<p>Informa-se que as atividades de rece\u00e7\u00e3o aos alunos e aos pais e encarregados de educa\u00e7\u00e3o decorrem no pr\u00f3ximo dia 13 de setembro de acordo com<a href=\"https:\/\/www.escolasdesoure.pt\/web\/2019\/09\/rececaopaisee20192020\/\" class=\"more-link\"><span class=\"screen-reader-text\"> &#8220;Rece\u00e7\u00e3o aos alunos e aos pais \/ encarregados de educa\u00e7\u00e3o&#8221;<\/span><\/a><\/p>\n","protected":false},"author":1,"featured_media":9404,"comment_status":"closed","ping_status":"closed","sticky":false,"template":"","format":"standard","meta":{"footnotes":""},"categories":[1],"tags":[],"class_list":["post-12912","post","type-post","status-publish","format-standard","has-post-thumbnail","hentry","category-noticias"],"_links":{"self":[{"href":"https:\/\/www.escolasdesoure.pt\/web\/wp-json\/wp\/v2\/posts\/12912","targetHints":{"allow":["GET"]}}],"collection":[{"href":"https:\/\/www.escolasdesoure.pt\/web\/wp-json\/wp\/v2\/posts"}],"about":[{"href":"https:\/\/www.escolasdesoure.pt\/web\/wp-json\/wp\/v2\/types\/post"}],"author":[{"embeddable":true,"href":"https:\/\/www.escolasdesoure.pt\/web\/wp-json\/wp\/v2\/users\/1"}],"replies":[{"embeddable":true,"href":"https:\/\/www.escolasdesoure.pt\/web\/wp-json\/wp\/v2\/comments?post=12912"}],"version-history":[{"count":5,"href":"https:\/\/www.escolasdesoure.pt\/web\/wp-json\/wp\/v2\/posts\/12912\/revisions"}],"predecessor-version":[{"id":12917,"href":"https:\/\/www.escolasdesoure.pt\/web\/wp-json\/wp\/v2\/posts\/12912\/revisions\/12917"}],"wp:featuredmedia":[{"embeddable":true,"href":"https:\/\/www.escolasdesoure.pt\/web\/wp-json\/wp\/v2\/media\/9404"}],"wp:attachment":[{"href":"https:\/\/www.escolasdesoure.pt\/web\/wp-json\/wp\/v2\/media?parent=12912"}],"wp:term":[{"taxonomy":"category","embeddable":true,"href":"https:\/\/www.escolasdesoure.pt\/web\/wp-json\/wp\/v2\/categories?post=12912"},{"taxonomy":"post_tag","embeddable":true,"href":"https:\/\/www.escolasdesoure.pt\/web\/wp-json\/wp\/v2\/tags?post=12912"}],"curies":[{"name":"wp","href":"https:\/\/api.w.org\/{rel}","templated":true}]}}