{"id":12780,"date":"2019-07-11T09:00:40","date_gmt":"2019-07-11T08:00:40","guid":{"rendered":"https:\/\/www.escolasdesoure.pt\/web\/?p=12780"},"modified":"2019-07-11T09:36:17","modified_gmt":"2019-07-11T08:36:17","slug":"cursos-profissionais-entrega-dos-registos-de-avaliacao-do-3-o-periodo","status":"publish","type":"post","link":"https:\/\/www.escolasdesoure.pt\/web\/2019\/07\/cursos-profissionais-entrega-dos-registos-de-avaliacao-do-3-o-periodo\/","title":{"rendered":"Cursos Profissionais: Entrega dos registos de avalia\u00e7\u00e3o do 3.\u00ba per\u00edodo"},"content":{"rendered":"<p>Mapa de reuni\u00f5es com encarregados de educa\u00e7\u00e3o para entrega das avalia\u00e7\u00f5es do 3.\u00ba Per\u00edodo<\/p>\n<p>&nbsp;<\/p>\n<table>\n<tbody>\n<tr>\n<td style=\"text-align: center;\"><strong>Turma<\/strong><\/td>\n<td style=\"text-align: center;\"><strong>Diretor de Turma<\/strong><\/td>\n<td style=\"text-align: center;\"><strong>Data<\/strong><\/td>\n<td style=\"text-align: center;\"><strong>Hora<\/strong><\/td>\n<td style=\"text-align: center;\"><strong>Sala<\/strong><\/td>\n<\/tr>\n<tr>\n<td>1.\u00ba D<\/td>\n<td>Teresa Reis<\/td>\n<td>15 de julho<\/td>\n<td>das 17h30 \u00e0s 18h00 <span style=\"color: #ff0000;\">(altera\u00e7\u00e3o)<\/span><\/td>\n<td>B 2.6<\/td>\n<\/tr>\n<tr>\n<td>2.\u00ba D<\/td>\n<td>Cristina Morais<\/td>\n<td>15 de julho<\/td>\n<td>das 09h30 \u00e0s 12h30 <span style=\"color: #ff0000;\">(altera\u00e7\u00e3o * )<\/span><\/td>\n<td>A 2.8<\/td>\n<\/tr>\n<\/tbody>\n<\/table>\n<p>* altera\u00e7\u00e3o da data em fun\u00e7\u00e3o da afixa\u00e7\u00e3o das pautas ocorrer apenas dias 12.<\/p>\n","protected":false},"excerpt":{"rendered":"<p>Mapa de reuni\u00f5es com encarregados de educa\u00e7\u00e3o para entrega das avalia\u00e7\u00f5es do 3.\u00ba Per\u00edodo &nbsp; Turma Diretor de Turma Data Hora Sala 1.\u00ba D Teresa<a href=\"https:\/\/www.escolasdesoure.pt\/web\/2019\/07\/cursos-profissionais-entrega-dos-registos-de-avaliacao-do-3-o-periodo\/\" class=\"more-link\"><span class=\"screen-reader-text\"> &#8220;Cursos Profissionais: Entrega dos registos de avalia\u00e7\u00e3o do 3.\u00ba per\u00edodo&#8221;<\/span><\/a><\/p>\n","protected":false},"author":1,"featured_media":12659,"comment_status":"closed","ping_status":"closed","sticky":false,"template":"","format":"standard","meta":{"footnotes":""},"categories":[1],"tags":[],"class_list":["post-12780","post","type-post","status-publish","format-standard","has-post-thumbnail","hentry","category-noticias"],"_links":{"self":[{"href":"https:\/\/www.escolasdesoure.pt\/web\/wp-json\/wp\/v2\/posts\/12780","targetHints":{"allow":["GET"]}}],"collection":[{"href":"https:\/\/www.escolasdesoure.pt\/web\/wp-json\/wp\/v2\/posts"}],"about":[{"href":"https:\/\/www.escolasdesoure.pt\/web\/wp-json\/wp\/v2\/types\/post"}],"author":[{"embeddable":true,"href":"https:\/\/www.escolasdesoure.pt\/web\/wp-json\/wp\/v2\/users\/1"}],"replies":[{"embeddable":true,"href":"https:\/\/www.escolasdesoure.pt\/web\/wp-json\/wp\/v2\/comments?post=12780"}],"version-history":[{"count":7,"href":"https:\/\/www.escolasdesoure.pt\/web\/wp-json\/wp\/v2\/posts\/12780\/revisions"}],"predecessor-version":[{"id":12822,"href":"https:\/\/www.escolasdesoure.pt\/web\/wp-json\/wp\/v2\/posts\/12780\/revisions\/12822"}],"wp:featuredmedia":[{"embeddable":true,"href":"https:\/\/www.escolasdesoure.pt\/web\/wp-json\/wp\/v2\/media\/12659"}],"wp:attachment":[{"href":"https:\/\/www.escolasdesoure.pt\/web\/wp-json\/wp\/v2\/media?parent=12780"}],"wp:term":[{"taxonomy":"category","embeddable":true,"href":"https:\/\/www.escolasdesoure.pt\/web\/wp-json\/wp\/v2\/categories?post=12780"},{"taxonomy":"post_tag","embeddable":true,"href":"https:\/\/www.escolasdesoure.pt\/web\/wp-json\/wp\/v2\/tags?post=12780"}],"curies":[{"name":"wp","href":"https:\/\/api.w.org\/{rel}","templated":true}]}}