{"id":12695,"date":"2019-06-18T10:01:39","date_gmt":"2019-06-18T09:01:39","guid":{"rendered":"https:\/\/www.escolasdesoure.pt\/web\/?p=12695"},"modified":"2019-06-18T10:05:00","modified_gmt":"2019-06-18T09:05:00","slug":"aprender-cantando","status":"publish","type":"post","link":"https:\/\/www.escolasdesoure.pt\/web\/2019\/06\/aprender-cantando\/","title":{"rendered":"Aprender cantando"},"content":{"rendered":"<p>No dia 13 de junho, os alunos do 6\u00baC deslocaram-se \u00e0 \u201cR\u00e1dio Popular de Soure\u201d para gravarem tr\u00eas poemas sobre conte\u00fados gramaticais, nomeadamente os <a href=\"https:\/\/drive.google.com\/file\/d\/1sKy_vDYvmZzFdKt7_nBabwuwAE1ekjXL\/view?usp=sharing\" target=\"_blank\" rel=\"noopener noreferrer\">determinantes<\/a>, <a href=\"https:\/\/drive.google.com\/file\/d\/1GDTABSX-bXuhwVkKS8kKgV9XHGCsnF3H\/view?usp=sharing\" target=\"_blank\" rel=\"noopener noreferrer\">adv\u00e9rbios<\/a> e <a href=\"https:\/\/drive.google.com\/file\/d\/1d9GnOls5WRQVltirVvUABQdRgnAH2jOo\/view?usp=sharing\" target=\"_blank\" rel=\"noopener noreferrer\">preposi\u00e7\u00f5es<\/a>, escritos pelos alunos nas aulas de portugu\u00eas e ensaiados nas aulas de educa\u00e7\u00e3o musical. Esta atividade teve como objetivo facilitar a aquisi\u00e7\u00e3o de conte\u00fados, atrav\u00e9s da motiva\u00e7\u00e3o, memoriza\u00e7\u00e3o e do envolvimento dos alunos na constru\u00e7\u00e3o da sua aprendizagem, promovendo a interdisciplinaridade.<\/p>\n<div id='gallery-1' class='gallery galleryid-12695 gallery-columns-3 gallery-size-medium'><figure class='gallery-item'>\n\t\t\t<div class='gallery-icon landscape'>\n\t\t\t\t<a href='https:\/\/www.escolasdesoure.pt\/web\/2019\/06\/aprender-cantando\/6oc1\/'><img decoding=\"async\" width=\"300\" height=\"225\" src=\"https:\/\/www.escolasdesoure.pt\/web\/wp-content\/uploads\/2019\/06\/6\u00baC1-300x225.jpg\" class=\"attachment-medium size-medium\" alt=\"\" srcset=\"https:\/\/www.escolasdesoure.pt\/web\/wp-content\/uploads\/2019\/06\/6\u00baC1-300x225.jpg 300w, https:\/\/www.escolasdesoure.pt\/web\/wp-content\/uploads\/2019\/06\/6\u00baC1-768x576.jpg 768w, https:\/\/www.escolasdesoure.pt\/web\/wp-content\/uploads\/2019\/06\/6\u00baC1.jpg 800w\" sizes=\"(max-width: 300px) 100vw, 300px\" \/><\/a>\n\t\t\t<\/div><\/figure><figure class='gallery-item'>\n\t\t\t<div class='gallery-icon landscape'>\n\t\t\t\t<a href='https:\/\/www.escolasdesoure.pt\/web\/2019\/06\/aprender-cantando\/6oc2\/'><img decoding=\"async\" width=\"300\" height=\"225\" src=\"https:\/\/www.escolasdesoure.pt\/web\/wp-content\/uploads\/2019\/06\/6\u00baC2-300x225.jpg\" class=\"attachment-medium size-medium\" alt=\"\" srcset=\"https:\/\/www.escolasdesoure.pt\/web\/wp-content\/uploads\/2019\/06\/6\u00baC2-300x225.jpg 300w, https:\/\/www.escolasdesoure.pt\/web\/wp-content\/uploads\/2019\/06\/6\u00baC2-768x576.jpg 768w, https:\/\/www.escolasdesoure.pt\/web\/wp-content\/uploads\/2019\/06\/6\u00baC2.jpg 800w\" sizes=\"(max-width: 300px) 100vw, 300px\" \/><\/a>\n\t\t\t<\/div><\/figure><figure class='gallery-item'>\n\t\t\t<div class='gallery-icon landscape'>\n\t\t\t\t<a href='https:\/\/www.escolasdesoure.pt\/web\/2019\/06\/aprender-cantando\/6oc3\/'><img decoding=\"async\" width=\"300\" height=\"225\" src=\"https:\/\/www.escolasdesoure.pt\/web\/wp-content\/uploads\/2019\/06\/6\u00baC3-300x225.jpg\" class=\"attachment-medium size-medium\" alt=\"\" srcset=\"https:\/\/www.escolasdesoure.pt\/web\/wp-content\/uploads\/2019\/06\/6\u00baC3-300x225.jpg 300w, https:\/\/www.escolasdesoure.pt\/web\/wp-content\/uploads\/2019\/06\/6\u00baC3-768x576.jpg 768w, https:\/\/www.escolasdesoure.pt\/web\/wp-content\/uploads\/2019\/06\/6\u00baC3.jpg 800w\" sizes=\"(max-width: 300px) 100vw, 300px\" \/><\/a>\n\t\t\t<\/div><\/figure>\n\t\t<\/div>\n\n<p style=\"text-align: right;\">Ana Cotovio e Edite Lopes<\/p>\n","protected":false},"excerpt":{"rendered":"<p>No dia 13 de junho, os alunos do 6\u00baC deslocaram-se \u00e0 \u201cR\u00e1dio Popular de Soure\u201d para gravarem tr\u00eas poemas sobre conte\u00fados gramaticais, nomeadamente os determinantes,<a href=\"https:\/\/www.escolasdesoure.pt\/web\/2019\/06\/aprender-cantando\/\" class=\"more-link\"><span class=\"screen-reader-text\"> &#8220;Aprender cantando&#8221;<\/span><\/a><\/p>\n","protected":false},"author":1,"featured_media":12699,"comment_status":"closed","ping_status":"closed","sticky":false,"template":"","format":"standard","meta":{"footnotes":""},"categories":[1],"tags":[159],"class_list":["post-12695","post","type-post","status-publish","format-standard","has-post-thumbnail","hentry","category-noticias","tag-eb-de-soure"],"_links":{"self":[{"href":"https:\/\/www.escolasdesoure.pt\/web\/wp-json\/wp\/v2\/posts\/12695","targetHints":{"allow":["GET"]}}],"collection":[{"href":"https:\/\/www.escolasdesoure.pt\/web\/wp-json\/wp\/v2\/posts"}],"about":[{"href":"https:\/\/www.escolasdesoure.pt\/web\/wp-json\/wp\/v2\/types\/post"}],"author":[{"embeddable":true,"href":"https:\/\/www.escolasdesoure.pt\/web\/wp-json\/wp\/v2\/users\/1"}],"replies":[{"embeddable":true,"href":"https:\/\/www.escolasdesoure.pt\/web\/wp-json\/wp\/v2\/comments?post=12695"}],"version-history":[{"count":4,"href":"https:\/\/www.escolasdesoure.pt\/web\/wp-json\/wp\/v2\/posts\/12695\/revisions"}],"predecessor-version":[{"id":12703,"href":"https:\/\/www.escolasdesoure.pt\/web\/wp-json\/wp\/v2\/posts\/12695\/revisions\/12703"}],"wp:featuredmedia":[{"embeddable":true,"href":"https:\/\/www.escolasdesoure.pt\/web\/wp-json\/wp\/v2\/media\/12699"}],"wp:attachment":[{"href":"https:\/\/www.escolasdesoure.pt\/web\/wp-json\/wp\/v2\/media?parent=12695"}],"wp:term":[{"taxonomy":"category","embeddable":true,"href":"https:\/\/www.escolasdesoure.pt\/web\/wp-json\/wp\/v2\/categories?post=12695"},{"taxonomy":"post_tag","embeddable":true,"href":"https:\/\/www.escolasdesoure.pt\/web\/wp-json\/wp\/v2\/tags?post=12695"}],"curies":[{"name":"wp","href":"https:\/\/api.w.org\/{rel}","templated":true}]}}