{"id":12671,"date":"2019-06-14T11:42:16","date_gmt":"2019-06-14T10:42:16","guid":{"rendered":"https:\/\/www.escolasdesoure.pt\/web\/?p=12671"},"modified":"2019-06-14T11:43:47","modified_gmt":"2019-06-14T10:43:47","slug":"exposicao-brincar-e-coisa-seria-a-importancia-do-sentir-e-viver-as-emocoes","status":"publish","type":"post","link":"https:\/\/www.escolasdesoure.pt\/web\/2019\/06\/exposicao-brincar-e-coisa-seria-a-importancia-do-sentir-e-viver-as-emocoes\/","title":{"rendered":"Exposi\u00e7\u00e3o \u201cBrincar \u00e9 coisa s\u00e9ria \u2026 a import\u00e2ncia do sentir e viver as  emo\u00e7\u00f5es\u201d"},"content":{"rendered":"<p>A \u00e1rea tem\u00e1tica abrangente que o Departamento Curricular da Educa\u00e7\u00e3o Pr\u00e9-Escolar do Agrupamento de Escolas Martinho \u00c1rias &#8211; Soure est\u00e1 a desenvolver ao longo do presente ano letivo: \u201cBrincar \u00e9 coisa s\u00e9ria\u2026a import\u00e2ncia do sentir e viver as emo\u00e7\u00f5es\u201d, permitiu em todos os Jardins de Inf\u00e2ncia do Agrupamento, numa dimens\u00e3o integradora com todas as \u00e1reas de conte\u00fado, dom\u00ednios e subdom\u00ednios das Orienta\u00e7\u00f5es Curriculares, uma abordagem transversal de aprendizagem na \u00e1rea da forma\u00e7\u00e3o pessoal e social.<br \/>\nH\u00e1 d\u00e9cadas que v\u00e1rios autores como Vygotsky (1984), defendem a ideia de que o brincar \u00e9 uma atividade que contribui positivamente para o desenvolvimento da crian\u00e7a. Este pode ser lingu\u00edstico, social, cognitivo, motor, f\u00edsico, sensorial e afetivo.<br \/>\nDurante as brincadeiras as crian\u00e7as come\u00e7am a tomar decis\u00f5es e a fazer escolhas, pois no ato de brincar todas as situa\u00e7\u00f5es podem surgir. Brincar de modo espont\u00e2neo ou orientado \u00e9 um modo s\u00e9rio de aprender\u2026 aprender a ser, aprender a fazer, aprender a estar\u2026<br \/>\nA brincar por iniciativa pr\u00f3pria ou mediante propostas intencionais foram-se tecendo, entrela\u00e7ando emo\u00e7\u00f5es,identificadas e simbolizadas de diversas formas nos diversos contextos de cada jardim de inf\u00e2ncia, mas, com um denominador comum, promover a literacia emocional das crian\u00e7as.<br \/>\nViver as emo\u00e7\u00f5es\u2026 sentir as emo\u00e7\u00f5es\u2026 expressar as emo\u00e7\u00f5es&#8230;<br \/>\nN\u00e3o h\u00e1 emo\u00e7\u00f5es positivas ou negativas \u2026 talvez umas agrad\u00e1veis e outras n\u00e3o\u2026 importante \u00e9 perceber o que estamos a sentir e como o estamos a sentir\u2026<br \/>\nEntrela\u00e7ando a \u00e1rea da forma\u00e7\u00e3o pessoal e social das Orienta\u00e7\u00f5es Curriculares para a Educa\u00e7\u00e3o Pr\u00e9-escolar com a Estrat\u00e9gia para a Educa\u00e7\u00e3o e Cidadania do Agrupamento e o referencial de educa\u00e7\u00e3o para a sa\u00fade, pretendemos com esta exposi\u00e7\u00e3o dar a conhecer alguns retalhos de oportunidades que ao longo do ano letivo foram acontecendo nos Jardins de Inf\u00e2ncia do Agrupamento de Escolas Martinho \u00c1rias \u2013 Soure, numa articula\u00e7\u00e3o da tem\u00e1tica com a rede de bibliotecas de Soure.<br \/>\nPorque o futuro come\u00e7a hoje\u2026 com respeito por si pr\u00f3prio, pelos outros, pela criatividade, diversidade, estrat\u00e9gias, modos e tempos, cada grupo\/turma foi fazendo um caminho em que o brincar proporcionou, num quadro muito s\u00e9rio de liberdade e responsabilidade, a express\u00e3o de emo\u00e7\u00f5es, compet\u00eancia a promover na \u00e1rea do desenvolvimento pessoal e autonomia (conforme \u00e1rea de compet\u00eancias &#8211; Perfil dos Alunos a Sa\u00edda da Escolaridade Obrigat\u00f3ria)<br \/>\n<iframe loading=\"lazy\" src=\"https:\/\/www.youtube.com\/embed\/rJEi26De7Yw\" width=\"100%\" height=\"400\" frameborder=\"0\" allowfullscreen=\"allowfullscreen\"><span data-mce-type=\"bookmark\" style=\"display: inline-block; width: 0px; overflow: hidden; line-height: 0;\" class=\"mce_SELRES_start\">?<\/span><\/iframe><\/p>\n<p style=\"text-align: right;\">Junho de 2019<\/p>\n<p style=\"text-align: right;\">Departamento Curricular da Educa\u00e7\u00e3o Pr\u00e9-Escolar<br \/>\ndo Agrupamento de Escolas Martinho \u00c1rias- Soure<\/p>\n","protected":false},"excerpt":{"rendered":"<p>A \u00e1rea tem\u00e1tica abrangente que o Departamento Curricular da Educa\u00e7\u00e3o Pr\u00e9-Escolar do Agrupamento de Escolas Martinho \u00c1rias &#8211; Soure est\u00e1 a desenvolver ao longo do<a href=\"https:\/\/www.escolasdesoure.pt\/web\/2019\/06\/exposicao-brincar-e-coisa-seria-a-importancia-do-sentir-e-viver-as-emocoes\/\" class=\"more-link\"><span class=\"screen-reader-text\"> &#8220;Exposi\u00e7\u00e3o \u201cBrincar \u00e9 coisa s\u00e9ria \u2026 a import\u00e2ncia do sentir e viver as  emo\u00e7\u00f5es\u201d&#8221;<\/span><\/a><\/p>\n","protected":false},"author":1,"featured_media":12674,"comment_status":"closed","ping_status":"closed","sticky":false,"template":"","format":"standard","meta":{"footnotes":""},"categories":[1],"tags":[],"class_list":["post-12671","post","type-post","status-publish","format-standard","has-post-thumbnail","hentry","category-noticias"],"_links":{"self":[{"href":"https:\/\/www.escolasdesoure.pt\/web\/wp-json\/wp\/v2\/posts\/12671","targetHints":{"allow":["GET"]}}],"collection":[{"href":"https:\/\/www.escolasdesoure.pt\/web\/wp-json\/wp\/v2\/posts"}],"about":[{"href":"https:\/\/www.escolasdesoure.pt\/web\/wp-json\/wp\/v2\/types\/post"}],"author":[{"embeddable":true,"href":"https:\/\/www.escolasdesoure.pt\/web\/wp-json\/wp\/v2\/users\/1"}],"replies":[{"embeddable":true,"href":"https:\/\/www.escolasdesoure.pt\/web\/wp-json\/wp\/v2\/comments?post=12671"}],"version-history":[{"count":2,"href":"https:\/\/www.escolasdesoure.pt\/web\/wp-json\/wp\/v2\/posts\/12671\/revisions"}],"predecessor-version":[{"id":12673,"href":"https:\/\/www.escolasdesoure.pt\/web\/wp-json\/wp\/v2\/posts\/12671\/revisions\/12673"}],"wp:featuredmedia":[{"embeddable":true,"href":"https:\/\/www.escolasdesoure.pt\/web\/wp-json\/wp\/v2\/media\/12674"}],"wp:attachment":[{"href":"https:\/\/www.escolasdesoure.pt\/web\/wp-json\/wp\/v2\/media?parent=12671"}],"wp:term":[{"taxonomy":"category","embeddable":true,"href":"https:\/\/www.escolasdesoure.pt\/web\/wp-json\/wp\/v2\/categories?post=12671"},{"taxonomy":"post_tag","embeddable":true,"href":"https:\/\/www.escolasdesoure.pt\/web\/wp-json\/wp\/v2\/tags?post=12671"}],"curies":[{"name":"wp","href":"https:\/\/api.w.org\/{rel}","templated":true}]}}