{"id":11836,"date":"2019-01-10T11:04:53","date_gmt":"2019-01-10T11:04:53","guid":{"rendered":"https:\/\/www.escolasdesoure.pt\/web\/?p=11836"},"modified":"2019-01-10T11:04:53","modified_gmt":"2019-01-10T11:04:53","slug":"el-dia-de-los-reyes","status":"publish","type":"post","link":"https:\/\/www.escolasdesoure.pt\/web\/2019\/01\/el-dia-de-los-reyes\/","title":{"rendered":"\u201cEl D\u00eda de los Reyes\u201d"},"content":{"rendered":"<p>&#8220;El d\u00eda de los Reyes Magos&#8221; \u00e9 um dos dias festivos mais desejados pelos jovens espanh\u00f3is e, este ano, os nossos alunos perceberam o porqu\u00ea!!<br \/>\nDe facto, a magia do Natal foi prolongada por mais uns dias, o que permitiu aos alunos de Espanhol cumprir \u00e0 regra a tradi\u00e7\u00e3o espanhola. Com a anteced\u00eancia devida, procedeu-se \u00e0 elabora\u00e7\u00e3o da famosa \u201cCarta a los Reyes\u201d em que fizeram o balan\u00e7o do ano 2018 e listaram os seus pedidos para o novo ano. Finalmente, na primeira semana de aulas, todos os alunos dos diversos anos de escolaridade trocaram entre si simb\u00f3licas prendas, as quais primaram pela originalidade, criatividade e pelo recurso a materiais simples sempre ao servi\u00e7o da modernidade e imagina\u00e7\u00e3o dos nossos jovens criadores!<\/p>\n<div id='gallery-1' class='gallery galleryid-11836 gallery-columns-3 gallery-size-thumbnail'><figure class='gallery-item'>\n\t\t\t<div class='gallery-icon landscape'>\n\t\t\t\t<a href='https:\/\/www.escolasdesoure.pt\/web\/2019\/01\/el-dia-de-los-reyes\/feliz-dia-de-reyes-magos-orlando-espinosa\/'><img decoding=\"async\" width=\"150\" height=\"150\" src=\"https:\/\/www.escolasdesoure.pt\/web\/wp-content\/uploads\/2019\/01\/feliz-dia-de-reyes-magos-orlando-espinosa-150x150.png\" class=\"attachment-thumbnail size-thumbnail\" alt=\"\" \/><\/a>\n\t\t\t<\/div><\/figure><figure class='gallery-item'>\n\t\t\t<div class='gallery-icon landscape'>\n\t\t\t\t<a href='https:\/\/www.escolasdesoure.pt\/web\/2019\/01\/el-dia-de-los-reyes\/img_20190107_160940_001_cover1\/'><img decoding=\"async\" width=\"150\" height=\"150\" src=\"https:\/\/www.escolasdesoure.pt\/web\/wp-content\/uploads\/2019\/01\/IMG_20190107_160940_001_COVER1-150x150.jpg\" class=\"attachment-thumbnail size-thumbnail\" alt=\"\" \/><\/a>\n\t\t\t<\/div><\/figure><figure class='gallery-item'>\n\t\t\t<div class='gallery-icon portrait'>\n\t\t\t\t<a href='https:\/\/www.escolasdesoure.pt\/web\/2019\/01\/el-dia-de-los-reyes\/all-focus-8\/'><img decoding=\"async\" width=\"150\" height=\"150\" src=\"https:\/\/www.escolasdesoure.pt\/web\/wp-content\/uploads\/2019\/01\/IMG_20190107_0847311-150x150.jpg\" class=\"attachment-thumbnail size-thumbnail\" alt=\"\" aria-describedby=\"gallery-1-11839\" \/><\/a>\n\t\t\t<\/div>\n\t\t\t\t<figcaption class='wp-caption-text gallery-caption' id='gallery-1-11839'>\n\t\t\t\tAll-focus\n\t\t\t\t<\/figcaption><\/figure><figure class='gallery-item'>\n\t\t\t<div class='gallery-icon landscape'>\n\t\t\t\t<a href='https:\/\/www.escolasdesoure.pt\/web\/2019\/01\/el-dia-de-los-reyes\/all-focus-9\/'><img decoding=\"async\" width=\"150\" height=\"150\" src=\"https:\/\/www.escolasdesoure.pt\/web\/wp-content\/uploads\/2019\/01\/IMG_20190107_1345581-150x150.jpg\" class=\"attachment-thumbnail size-thumbnail\" alt=\"\" aria-describedby=\"gallery-1-11840\" \/><\/a>\n\t\t\t<\/div>\n\t\t\t\t<figcaption class='wp-caption-text gallery-caption' id='gallery-1-11840'>\n\t\t\t\tAll-focus\n\t\t\t\t<\/figcaption><\/figure><figure class='gallery-item'>\n\t\t\t<div class='gallery-icon portrait'>\n\t\t\t\t<a href='https:\/\/www.escolasdesoure.pt\/web\/2019\/01\/el-dia-de-los-reyes\/all-focus-10\/'><img decoding=\"async\" width=\"150\" height=\"150\" src=\"https:\/\/www.escolasdesoure.pt\/web\/wp-content\/uploads\/2019\/01\/IMG_20190107_1610521-150x150.jpg\" class=\"attachment-thumbnail size-thumbnail\" alt=\"\" aria-describedby=\"gallery-1-11841\" \/><\/a>\n\t\t\t<\/div>\n\t\t\t\t<figcaption class='wp-caption-text gallery-caption' id='gallery-1-11841'>\n\t\t\t\tAll-focus\n\t\t\t\t<\/figcaption><\/figure>\n\t\t<\/div>\n\n<p style=\"text-align: right;\">As docentes de Espanhol e alunos do 3\u00baciclo\/secund\u00e1rio de Espanhol<\/p>\n","protected":false},"excerpt":{"rendered":"<p>&#8220;El d\u00eda de los Reyes Magos&#8221; \u00e9 um dos dias festivos mais desejados pelos jovens espanh\u00f3is e, este ano, os nossos alunos perceberam o porqu\u00ea!!<a href=\"https:\/\/www.escolasdesoure.pt\/web\/2019\/01\/el-dia-de-los-reyes\/\" class=\"more-link\"><span class=\"screen-reader-text\"> &#8220;\u201cEl D\u00eda de los Reyes\u201d&#8221;<\/span><\/a><\/p>\n","protected":false},"author":1,"featured_media":11837,"comment_status":"closed","ping_status":"closed","sticky":false,"template":"","format":"standard","meta":{"footnotes":""},"categories":[1],"tags":[],"class_list":["post-11836","post","type-post","status-publish","format-standard","has-post-thumbnail","hentry","category-noticias"],"_links":{"self":[{"href":"https:\/\/www.escolasdesoure.pt\/web\/wp-json\/wp\/v2\/posts\/11836","targetHints":{"allow":["GET"]}}],"collection":[{"href":"https:\/\/www.escolasdesoure.pt\/web\/wp-json\/wp\/v2\/posts"}],"about":[{"href":"https:\/\/www.escolasdesoure.pt\/web\/wp-json\/wp\/v2\/types\/post"}],"author":[{"embeddable":true,"href":"https:\/\/www.escolasdesoure.pt\/web\/wp-json\/wp\/v2\/users\/1"}],"replies":[{"embeddable":true,"href":"https:\/\/www.escolasdesoure.pt\/web\/wp-json\/wp\/v2\/comments?post=11836"}],"version-history":[{"count":1,"href":"https:\/\/www.escolasdesoure.pt\/web\/wp-json\/wp\/v2\/posts\/11836\/revisions"}],"predecessor-version":[{"id":11842,"href":"https:\/\/www.escolasdesoure.pt\/web\/wp-json\/wp\/v2\/posts\/11836\/revisions\/11842"}],"wp:featuredmedia":[{"embeddable":true,"href":"https:\/\/www.escolasdesoure.pt\/web\/wp-json\/wp\/v2\/media\/11837"}],"wp:attachment":[{"href":"https:\/\/www.escolasdesoure.pt\/web\/wp-json\/wp\/v2\/media?parent=11836"}],"wp:term":[{"taxonomy":"category","embeddable":true,"href":"https:\/\/www.escolasdesoure.pt\/web\/wp-json\/wp\/v2\/categories?post=11836"},{"taxonomy":"post_tag","embeddable":true,"href":"https:\/\/www.escolasdesoure.pt\/web\/wp-json\/wp\/v2\/tags?post=11836"}],"curies":[{"name":"wp","href":"https:\/\/api.w.org\/{rel}","templated":true}]}}