{"id":11032,"date":"2018-01-26T09:06:39","date_gmt":"2018-01-26T09:06:39","guid":{"rendered":"http:\/\/www.escolasdesoure.pt\/web\/?p=11032"},"modified":"2018-01-26T09:07:09","modified_gmt":"2018-01-26T09:07:09","slug":"exposicao-pegada-ecologica","status":"publish","type":"post","link":"https:\/\/www.escolasdesoure.pt\/web\/2018\/01\/exposicao-pegada-ecologica\/","title":{"rendered":"Exposi\u00e7\u00e3o \u201c Pegada Ecol\u00f3gica\u201d"},"content":{"rendered":"<p><img decoding=\"async\" class=\"alignright size-thumbnail wp-image-10424\" src=\"http:\/\/www.escolasdesoure.pt\/web\/wp-content\/uploads\/2017\/02\/ecoescolas-150x144.jpg\" alt=\"\" width=\"150\" height=\"144\" \/>No \u00e2mbito da disciplina de Biologia\/Geologia e do Programa Eco-escolas, vai decorrer na pr\u00f3xima semana, de segunda (29\/01) a sexta-feira (02\/02), na Biblioteca Escolar, a exposi\u00e7\u00e3o \u201c<strong>Pegada ecol\u00f3gica<\/strong>\u201d.<br \/>\nDurante a manh\u00e3 de segunda-feira os alunos da turma A do 10\u00ba ano, do curso de Ci\u00eancias e Tecnologias estar\u00e3o dispon\u00edveis para ajudar a calcular a sua pegada ecol\u00f3gica e para dar informa\u00e7\u00f5es sobre o que fazer para a diminuir.<\/p>\n<p style=\"text-align: center;\"><span style=\"color: #339966;\"><strong>JUNTA-TE A N\u00d3S! VEM CALCULAR A TUA PEGADA ECOL\u00d3GICA!<\/strong><\/span><\/p>\n<p><img decoding=\"async\" class=\"aligncenter size-full wp-image-11033\" src=\"http:\/\/www.escolasdesoure.pt\/web\/wp-content\/uploads\/2018\/01\/pegada.png\" alt=\"\" width=\"373\" height=\"382\" srcset=\"https:\/\/www.escolasdesoure.pt\/web\/wp-content\/uploads\/2018\/01\/pegada.png 373w, https:\/\/www.escolasdesoure.pt\/web\/wp-content\/uploads\/2018\/01\/pegada-293x300.png 293w\" sizes=\"(max-width: 373px) 100vw, 373px\" \/><\/p>\n","protected":false},"excerpt":{"rendered":"<p>No \u00e2mbito da disciplina de Biologia\/Geologia e do Programa Eco-escolas, vai decorrer na pr\u00f3xima semana, de segunda (29\/01) a sexta-feira (02\/02), na Biblioteca Escolar, a<a href=\"https:\/\/www.escolasdesoure.pt\/web\/2018\/01\/exposicao-pegada-ecologica\/\" class=\"more-link\"><span class=\"screen-reader-text\"> &#8220;Exposi\u00e7\u00e3o \u201c Pegada Ecol\u00f3gica\u201d&#8221;<\/span><\/a><\/p>\n","protected":false},"author":1,"featured_media":11033,"comment_status":"closed","ping_status":"closed","sticky":false,"template":"","format":"standard","meta":{"footnotes":""},"categories":[1],"tags":[276],"class_list":["post-11032","post","type-post","status-publish","format-standard","has-post-thumbnail","hentry","category-noticias","tag-eco-escolas"],"_links":{"self":[{"href":"https:\/\/www.escolasdesoure.pt\/web\/wp-json\/wp\/v2\/posts\/11032","targetHints":{"allow":["GET"]}}],"collection":[{"href":"https:\/\/www.escolasdesoure.pt\/web\/wp-json\/wp\/v2\/posts"}],"about":[{"href":"https:\/\/www.escolasdesoure.pt\/web\/wp-json\/wp\/v2\/types\/post"}],"author":[{"embeddable":true,"href":"https:\/\/www.escolasdesoure.pt\/web\/wp-json\/wp\/v2\/users\/1"}],"replies":[{"embeddable":true,"href":"https:\/\/www.escolasdesoure.pt\/web\/wp-json\/wp\/v2\/comments?post=11032"}],"version-history":[{"count":2,"href":"https:\/\/www.escolasdesoure.pt\/web\/wp-json\/wp\/v2\/posts\/11032\/revisions"}],"predecessor-version":[{"id":11035,"href":"https:\/\/www.escolasdesoure.pt\/web\/wp-json\/wp\/v2\/posts\/11032\/revisions\/11035"}],"wp:featuredmedia":[{"embeddable":true,"href":"https:\/\/www.escolasdesoure.pt\/web\/wp-json\/wp\/v2\/media\/11033"}],"wp:attachment":[{"href":"https:\/\/www.escolasdesoure.pt\/web\/wp-json\/wp\/v2\/media?parent=11032"}],"wp:term":[{"taxonomy":"category","embeddable":true,"href":"https:\/\/www.escolasdesoure.pt\/web\/wp-json\/wp\/v2\/categories?post=11032"},{"taxonomy":"post_tag","embeddable":true,"href":"https:\/\/www.escolasdesoure.pt\/web\/wp-json\/wp\/v2\/tags?post=11032"}],"curies":[{"name":"wp","href":"https:\/\/api.w.org\/{rel}","templated":true}]}}