{"id":11028,"date":"2018-01-24T16:56:03","date_gmt":"2018-01-24T16:56:03","guid":{"rendered":"http:\/\/www.escolasdesoure.pt\/web\/?p=11028"},"modified":"2018-02-01T18:38:55","modified_gmt":"2018-02-01T18:38:55","slug":"orcamento-participativo-da-escola-2017-2018","status":"publish","type":"post","link":"https:\/\/www.escolasdesoure.pt\/web\/2018\/01\/orcamento-participativo-da-escola-2017-2018\/","title":{"rendered":"Or\u00e7amento Participativo da Escola 2017-2018"},"content":{"rendered":"<p align=\"justify\"><span style=\"font-size: medium;\"><img decoding=\"async\" class=\"wp-image-11029 alignright\" src=\"http:\/\/www.escolasdesoure.pt\/web\/wp-content\/uploads\/2018\/01\/OPE-2017.jpg\" alt=\"\" width=\"481\" height=\"342\" \/><\/span><\/p>\n<p>Pelo segundo ano consecutivo, os estudantes do 3.\u00ba ciclo do ensino b\u00e1sico e do ensino secund\u00e1rio est\u00e3o convidados a participar no Or\u00e7amento Participativo da Escola (OPE).<\/p>\n<p>Esta iniciativa possibilita aos alunos participarem ativamente nas decis\u00f5es da Escola, atrav\u00e9s de um processo democr\u00e1tico, podendo assim decidir o que querem melhorar no seu estabelecimento de ensino. Para tal, precisam de ter uma ideia, reunir apoio e, claro, conseguirem os votos dos colegas!<\/p>\n<p>Transcrevendo as palavras em carta de 15 de janeiro do presente ano do Sr. Ministro da Educa\u00e7\u00e3o, Tiago Brand\u00e3o Rodrigues, dirigida \u00e0 Sra. Diretora, neste processo, \u201cos alunos saem beneficiados porque veem as suas prioridades realizadas, porque lutam para que sejam estas as escolhidas pelos seus pares e colegas e porque assim percebem que, em democracia, importa fazer escolhas e lutar por elas. A comunidade educativa e a escola beneficiam porque recebem ideias novas, muitas vezes arrojadas e mais pr\u00f3ximas daqueles a quem servem, podendo assim servi-los melhor. A vida p\u00fablica beneficia tamb\u00e9m, e muito, porque convoca para a cidadania, desde cedo, aqueles de quem precisa para ser cada vez mais uma democracia adulta, aprofundada e consciente da comunidade que \u00e9 a sua\u201d.<\/p>\n<p align=\"justify\"><span style=\"font-size: medium;\">O regulamento encontra-se dispon\u00edvel em <a href=\"https:\/\/opescolas.pt\/regulamento\/\">https:\/\/opescolas.pt\/regulamento\/<\/a><\/span><\/p>\n<p align=\"justify\"><span style=\"font-size: medium;\">No nosso caso, de acordo com o n\u00famero de alunos do 3\u00ba ciclo e secund\u00e1rio, <\/span><span style=\"font-size: medium;\"><b>o valor do OP \u00e9 de cerca de 500 \u20ac.<\/b><\/span><\/p>\n<p align=\"justify\"><span style=\"font-size: medium;\">Da proposta vencedora do Or\u00e7amento Participativo de 2017 resultou uma estrutura de prote\u00e7\u00e3o \u00e0 esplanada do bar da escola sede.<\/span><\/p>\n<p align=\"justify\"><b style=\"font-size: medium;\">Cronograma<\/b><\/p>\n<ol>\n<li><span style=\"font-size: medium;\"><b>Desenvolvimento e apresenta\u00e7\u00e3o<\/b><\/span><span style=\"font-size: medium;\"> de propostas <\/span><span style=\"font-size: medium;\"><b>at\u00e9 27 de fevereiro<\/b><\/span><span style=\"font-size: medium;\">.<\/span>\n<ol>\n<li><span style=\"font-size: medium;\">O diretor de turma deve apresentar a iniciativa OPE \u00e0 turma;<\/span><\/li>\n<li><span style=\"font-size: medium;\">Deve promover um debate de forma a sensibilizar os alunos para a identifica\u00e7\u00e3o de uma melhoria pretendida no seu espa\u00e7o escolar e\/ou no seu processo de ensino aprendizagem;<\/span><\/li>\n<li><span style=\"font-size: medium;\">Os alunos devem elaborar uma proposta;<\/span><\/li>\n<li><span style=\"font-size: medium;\">Os alunos devem entregar a proposta nos <\/span><span style=\"font-size: medium;\"><b>Servi\u00e7os Administrativos<\/b><\/span><span style=\"font-size: medium;\"> e de <\/span><span style=\"font-size: medium;\"><b>acordo com o regulamento<\/b><\/span><span style=\"font-size: medium;\">.<\/span><\/li>\n<\/ol>\n<\/li>\n<li><span style=\"font-size: medium;\"><b>Clarifica\u00e7\u00e3o e ajuste<\/b><\/span><span style=\"font-size: medium;\"> das propostas a vota\u00e7\u00e3o a <\/span><span style=\"font-size: medium;\"><b>1 de mar\u00e7o<\/b><\/span><span style=\"font-size: medium;\">, com a possibilidade de aperfei\u00e7oamento, fus\u00e3o ou a desist\u00eancia de propostas.<\/span><\/li>\n<li><span style=\"font-size: medium;\"><b>Divulga\u00e7\u00e3o<\/b><\/span><span style=\"font-size: medium;\"> das propostas a vota\u00e7\u00e3o a <\/span><span style=\"font-size: medium;\"><b>5 de mar\u00e7o<\/b><\/span><span style=\"font-size: medium;\">.\u00a0<\/span><span style=\"font-size: medium;\">As propostas s\u00e3o divulgadas em locais vis\u00edveis da escola e por meios eletr\u00f3nicos.<\/span><\/li>\n<li><span style=\"font-size: medium;\"><b>Debate <\/b><\/span><span style=\"font-size: medium;\">das propostas <\/span><span style=\"font-size: medium;\"><b>a 13 de mar\u00e7o, \u00e0s 14h30<\/b><\/span><span style=\"font-size: medium;\">.<\/span>\n<ol>\n<li><span style=\"font-size: medium;\">Para o debate, o diretor de turma deve informar os alunos respons\u00e1veis pelas propostas a vota\u00e7\u00e3o para preparem a apresenta\u00e7\u00e3o das mesmas;<\/span><\/li>\n<li><span style=\"font-size: medium;\">O diretor de turma deve selecionar at\u00e9<\/span><span style=\"font-size: medium;\"><b> 4<\/b><\/span><span style=\"font-size: medium;\"> de alunos da sua direc\u00e7\u00e3o de turma para assistir \u00e0 apresenta\u00e7\u00e3o e participar no debate, quer tenham ou n\u00e3o apresentado propostas, a ter lugar <\/span><span style=\"font-size: medium;\"><b>no audit\u00f3rio da Escola Martinho \u00c1rias.<\/b><\/span><\/li>\n<\/ol>\n<\/li>\n<li><span style=\"font-size: medium;\"><b>Vota\u00e7\u00e3o<\/b><\/span><span style=\"font-size: medium;\"> das propostas a <\/span><span style=\"font-size: medium;\"><b>22 de mar\u00e7o, das 9h00 \u00e0s 13h30<\/b><\/span><span style=\"font-size: medium;\">.<\/span><\/li>\n<li><span style=\"font-size: medium;\"><b>Apresenta\u00e7\u00e3o dos resultados a 23 de mar\u00e7o<\/b><\/span><span style=\"font-size: medium;\">.<\/span><\/li>\n<li><span style=\"font-size: medium;\"><b>Planeamento<\/b><\/span> <span style=\"font-size: medium;\"><b>at\u00e9 final de maio<\/b><\/span><span style=\"font-size: medium;\">.<\/span><\/li>\n<li><span style=\"font-size: medium;\"><b>Execu\u00e7\u00e3o da medida at\u00e9 ao final de 2018<\/b><\/span><span style=\"font-size: medium;\">.<\/span><\/li>\n<\/ol>\n<p align=\"center\"><span style=\"font-size: medium;\">Soure, 24 de janeiro de 2018<\/span><\/p>\n<p align=\"center\"><span style=\"color: #333333;\"><span style=\"font-size: medium;\">A Diretora<\/span><\/span><\/p>\n<p align=\"center\"><span style=\"font-size: medium;\"><i>Lu\u00edsa Isabel Valente Afonso Pereirinha<\/i><\/span><\/p>\n","protected":false},"excerpt":{"rendered":"<p>Pelo segundo ano consecutivo, os estudantes do 3.\u00ba ciclo do ensino b\u00e1sico e do ensino secund\u00e1rio est\u00e3o convidados a participar no Or\u00e7amento Participativo da Escola<a href=\"https:\/\/www.escolasdesoure.pt\/web\/2018\/01\/orcamento-participativo-da-escola-2017-2018\/\" class=\"more-link\"><span class=\"screen-reader-text\"> &#8220;Or\u00e7amento Participativo da Escola 2017-2018&#8221;<\/span><\/a><\/p>\n","protected":false},"author":1,"featured_media":11029,"comment_status":"closed","ping_status":"closed","sticky":false,"template":"","format":"standard","meta":{"footnotes":""},"categories":[1],"tags":[],"class_list":["post-11028","post","type-post","status-publish","format-standard","has-post-thumbnail","hentry","category-noticias"],"_links":{"self":[{"href":"https:\/\/www.escolasdesoure.pt\/web\/wp-json\/wp\/v2\/posts\/11028","targetHints":{"allow":["GET"]}}],"collection":[{"href":"https:\/\/www.escolasdesoure.pt\/web\/wp-json\/wp\/v2\/posts"}],"about":[{"href":"https:\/\/www.escolasdesoure.pt\/web\/wp-json\/wp\/v2\/types\/post"}],"author":[{"embeddable":true,"href":"https:\/\/www.escolasdesoure.pt\/web\/wp-json\/wp\/v2\/users\/1"}],"replies":[{"embeddable":true,"href":"https:\/\/www.escolasdesoure.pt\/web\/wp-json\/wp\/v2\/comments?post=11028"}],"version-history":[{"count":3,"href":"https:\/\/www.escolasdesoure.pt\/web\/wp-json\/wp\/v2\/posts\/11028\/revisions"}],"predecessor-version":[{"id":11040,"href":"https:\/\/www.escolasdesoure.pt\/web\/wp-json\/wp\/v2\/posts\/11028\/revisions\/11040"}],"wp:featuredmedia":[{"embeddable":true,"href":"https:\/\/www.escolasdesoure.pt\/web\/wp-json\/wp\/v2\/media\/11029"}],"wp:attachment":[{"href":"https:\/\/www.escolasdesoure.pt\/web\/wp-json\/wp\/v2\/media?parent=11028"}],"wp:term":[{"taxonomy":"category","embeddable":true,"href":"https:\/\/www.escolasdesoure.pt\/web\/wp-json\/wp\/v2\/categories?post=11028"},{"taxonomy":"post_tag","embeddable":true,"href":"https:\/\/www.escolasdesoure.pt\/web\/wp-json\/wp\/v2\/tags?post=11028"}],"curies":[{"name":"wp","href":"https:\/\/api.w.org\/{rel}","templated":true}]}}