{"id":10934,"date":"2017-11-29T08:50:21","date_gmt":"2017-11-29T08:50:21","guid":{"rendered":"http:\/\/www.escolasdesoure.pt\/web\/?p=10934"},"modified":"2017-11-29T08:50:21","modified_gmt":"2017-11-29T08:50:21","slug":"programa-parlamento-dos-jovens","status":"publish","type":"post","link":"https:\/\/www.escolasdesoure.pt\/web\/2017\/11\/programa-parlamento-dos-jovens\/","title":{"rendered":"Programa Parlamento dos Jovens"},"content":{"rendered":"<p style=\"text-align: left;\">O programa Parlamento dos Jovens \u00e9 uma iniciativa da Assembleia da Rep\u00fablica dirigida aos jovens estudantes, que culmina com a realiza\u00e7\u00e3o de duas sess\u00f5es nacionais no Parlamento. A nossa Escola est\u00e1 inscrita. Agora, m\u00e3os \u00e0 obra! Vamos abra\u00e7ar este desafio e tentar fazer chegar as propostas dos nossos alunos aos \u00f3rg\u00e3os de decis\u00e3o nacional.<\/p>\n<p style=\"text-align: center;\">\n<iframe loading=\"lazy\" src=\"http:\/\/www.jovens.parlamento.pt\/Filmes\/PARLAMENTO-FINAL4\/PARLAMENTO-FINAL4.mp4\" width=\"720\" height=\"405\">&lt;span data-mce-type=&#8221;bookmark&#8221; style=&#8221;display: inline-block; width: 0px; overflow: hidden; line-height: 0;&#8221; class=&#8221;mce_SELRES_start&#8221;&gt;?&lt;\/span&gt;<\/iframe><\/p>\n","protected":false},"excerpt":{"rendered":"<p>O programa Parlamento dos Jovens \u00e9 uma iniciativa da Assembleia da Rep\u00fablica dirigida aos jovens estudantes, que culmina com a realiza\u00e7\u00e3o de duas sess\u00f5es nacionais<a href=\"https:\/\/www.escolasdesoure.pt\/web\/2017\/11\/programa-parlamento-dos-jovens\/\" class=\"more-link\"><span class=\"screen-reader-text\"> &#8220;Programa Parlamento dos Jovens&#8221;<\/span><\/a><\/p>\n","protected":false},"author":1,"featured_media":10939,"comment_status":"closed","ping_status":"closed","sticky":false,"template":"","format":"standard","meta":{"footnotes":""},"categories":[1],"tags":[290],"class_list":["post-10934","post","type-post","status-publish","format-standard","has-post-thumbnail","hentry","category-noticias","tag-parlamento-dos-jovens"],"_links":{"self":[{"href":"https:\/\/www.escolasdesoure.pt\/web\/wp-json\/wp\/v2\/posts\/10934","targetHints":{"allow":["GET"]}}],"collection":[{"href":"https:\/\/www.escolasdesoure.pt\/web\/wp-json\/wp\/v2\/posts"}],"about":[{"href":"https:\/\/www.escolasdesoure.pt\/web\/wp-json\/wp\/v2\/types\/post"}],"author":[{"embeddable":true,"href":"https:\/\/www.escolasdesoure.pt\/web\/wp-json\/wp\/v2\/users\/1"}],"replies":[{"embeddable":true,"href":"https:\/\/www.escolasdesoure.pt\/web\/wp-json\/wp\/v2\/comments?post=10934"}],"version-history":[{"count":5,"href":"https:\/\/www.escolasdesoure.pt\/web\/wp-json\/wp\/v2\/posts\/10934\/revisions"}],"predecessor-version":[{"id":10940,"href":"https:\/\/www.escolasdesoure.pt\/web\/wp-json\/wp\/v2\/posts\/10934\/revisions\/10940"}],"wp:featuredmedia":[{"embeddable":true,"href":"https:\/\/www.escolasdesoure.pt\/web\/wp-json\/wp\/v2\/media\/10939"}],"wp:attachment":[{"href":"https:\/\/www.escolasdesoure.pt\/web\/wp-json\/wp\/v2\/media?parent=10934"}],"wp:term":[{"taxonomy":"category","embeddable":true,"href":"https:\/\/www.escolasdesoure.pt\/web\/wp-json\/wp\/v2\/categories?post=10934"},{"taxonomy":"post_tag","embeddable":true,"href":"https:\/\/www.escolasdesoure.pt\/web\/wp-json\/wp\/v2\/tags?post=10934"}],"curies":[{"name":"wp","href":"https:\/\/api.w.org\/{rel}","templated":true}]}}