{"id":10484,"date":"2017-04-07T14:42:47","date_gmt":"2017-04-07T13:42:47","guid":{"rendered":"http:\/\/www.escolasdesoure.pt\/web\/?p=10484"},"modified":"2017-04-07T14:42:47","modified_gmt":"2017-04-07T13:42:47","slug":"visita-de-estudo-ao-concelho-de-soure-do-3o-d-e-4oe-da-eb1-da-granja-do-ulmeiro","status":"publish","type":"post","link":"https:\/\/www.escolasdesoure.pt\/web\/2017\/04\/visita-de-estudo-ao-concelho-de-soure-do-3o-d-e-4oe-da-eb1-da-granja-do-ulmeiro\/","title":{"rendered":"Visita de estudo ao concelho de Soure, do 3\u00ba D e 4\u00baE da  EB1 da Granja do Ulmeiro"},"content":{"rendered":"<p><img decoding=\"async\" class=\"alignleft wp-image-10485\" src=\"http:\/\/www.escolasdesoure.pt\/web\/wp-content\/uploads\/2017\/04\/1-1-e1491572465566.jpg\" alt=\"\" width=\"281\" height=\"500\"\/>Dia 4 de abril de 2017 as turmas D e E da EB1 de Granja do Ulmeiro foram visitar alguns recantos magn\u00edficos do concelho de Soure, conforme consta no PAA.<br \/>\nA visita come\u00e7ou pela Igreja Matriz de Samuel, sendo de real\u00e7ar o altar lateral direito (Altar das Almas) onde se pode ver uma representa\u00e7\u00e3o da figura do Diabo a ser estocado pelo Arcanjo Gabriel. Os alunos tiveram oportunidade de ouvir e aprender o significado dos elementos deste painel e ver as oferendas que o povo crente deixa a Satan\u00e1s (ma\u00e7os de tabaco).<br \/>\nDe seguida, os alunos visitaram as ru\u00ednas das Termas da Amieira, tendo sentido as \u00e1guas termais mornas sa\u00eddas das bicas.<br \/>\nPara finalizar, visitaram a nascente do rio Our\u00e3o, (concelho de Pombal), onde puderam observar a fauna, a flora, os aspetos geomorfol\u00f3gicos \u2026. consolidando, aperfei\u00e7oando e desenvolvendo, dessa forma, conte\u00fados abordados em contexto de sala de aula.<br \/>\nValeu a pena!<\/p>\n","protected":false},"excerpt":{"rendered":"<p>Dia 4 de abril de 2017 as turmas D e E da EB1 de Granja do Ulmeiro foram visitar alguns recantos magn\u00edficos do concelho de<a href=\"https:\/\/www.escolasdesoure.pt\/web\/2017\/04\/visita-de-estudo-ao-concelho-de-soure-do-3o-d-e-4oe-da-eb1-da-granja-do-ulmeiro\/\" class=\"more-link\"><span class=\"screen-reader-text\"> &#8220;Visita de estudo ao concelho de Soure, do 3\u00ba D e 4\u00baE da  EB1 da Granja do Ulmeiro&#8221;<\/span><\/a><\/p>\n","protected":false},"author":1,"featured_media":10485,"comment_status":"closed","ping_status":"closed","sticky":false,"template":"","format":"standard","meta":{"footnotes":""},"categories":[1],"tags":[240,47],"class_list":["post-10484","post","type-post","status-publish","format-standard","has-post-thumbnail","hentry","category-noticias","tag-centro-escolar-da-granja-do-ulmeiro","tag-visitas-de-estudo"],"_links":{"self":[{"href":"https:\/\/www.escolasdesoure.pt\/web\/wp-json\/wp\/v2\/posts\/10484","targetHints":{"allow":["GET"]}}],"collection":[{"href":"https:\/\/www.escolasdesoure.pt\/web\/wp-json\/wp\/v2\/posts"}],"about":[{"href":"https:\/\/www.escolasdesoure.pt\/web\/wp-json\/wp\/v2\/types\/post"}],"author":[{"embeddable":true,"href":"https:\/\/www.escolasdesoure.pt\/web\/wp-json\/wp\/v2\/users\/1"}],"replies":[{"embeddable":true,"href":"https:\/\/www.escolasdesoure.pt\/web\/wp-json\/wp\/v2\/comments?post=10484"}],"version-history":[{"count":4,"href":"https:\/\/www.escolasdesoure.pt\/web\/wp-json\/wp\/v2\/posts\/10484\/revisions"}],"predecessor-version":[{"id":10489,"href":"https:\/\/www.escolasdesoure.pt\/web\/wp-json\/wp\/v2\/posts\/10484\/revisions\/10489"}],"wp:featuredmedia":[{"embeddable":true,"href":"https:\/\/www.escolasdesoure.pt\/web\/wp-json\/wp\/v2\/media\/10485"}],"wp:attachment":[{"href":"https:\/\/www.escolasdesoure.pt\/web\/wp-json\/wp\/v2\/media?parent=10484"}],"wp:term":[{"taxonomy":"category","embeddable":true,"href":"https:\/\/www.escolasdesoure.pt\/web\/wp-json\/wp\/v2\/categories?post=10484"},{"taxonomy":"post_tag","embeddable":true,"href":"https:\/\/www.escolasdesoure.pt\/web\/wp-json\/wp\/v2\/tags?post=10484"}],"curies":[{"name":"wp","href":"https:\/\/api.w.org\/{rel}","templated":true}]}}