{"id":10362,"date":"2017-01-04T15:54:18","date_gmt":"2017-01-04T15:54:18","guid":{"rendered":"http:\/\/www.escolasdesoure.pt\/web\/?p=10362"},"modified":"2017-01-04T15:54:18","modified_gmt":"2017-01-04T15:54:18","slug":"centro-escolar-de-degracias-e-pombalinho-foi-ao-teatro-a-santa-maria-da-feira","status":"publish","type":"post","link":"https:\/\/www.escolasdesoure.pt\/web\/2017\/01\/centro-escolar-de-degracias-e-pombalinho-foi-ao-teatro-a-santa-maria-da-feira\/","title":{"rendered":"Centro Escolar de Degracias e Pombalinho foi ao teatro a Santa Maria da Feira"},"content":{"rendered":"<p><img decoding=\"async\" class=\"alignright \" src=\"http:\/\/elencoproducoes.com\/website\/wp-content\/uploads\/2016\/08\/ILHA_1.jpg\" width=\"315\" height=\"210\"\/>No passado dia 16 de dezembro, a Junta de Freguesia de Degracias e Pombalinho e a Associa\u00e7\u00e3o dos Baldios das Degracias fizeram uma oferta significativa ao Centro Escolar da localidade: um presente de Natal diferente. Alunos, professoras, e assistentes operacionais deslocaram-se a Santa Maria da Feira, a fim de assistirem ao musical \u201cA ilha do Tesouro\u201d, da companhia de teatro Elenco Produ\u00e7\u00f5es, um espet\u00e1culo recheado de m\u00fasica, luz e cor. Este espet\u00e1culo, dedicado a um p\u00fablico infantil e juvenil, encantou crian\u00e7as e adultos. A magia das palavras, a est\u00e9tica, a m\u00fasica e a dan\u00e7a ficaram com certeza nas nossas mem\u00f3rias e proporcionaram uma manh\u00e3 culturalmente enriquecedora para todos. Os alunos e docentes do Centro Escolar de Degracias e Pombalinho agradecem \u00e0s entidades, a preciosa ajuda para participarem nesta experi\u00eancia \u00fanica pois para a grande maioria das crian\u00e7as, ir com a escola ao teatro ser\u00e1, talvez, uma experi\u00eancia \u00fanica enquanto espetadores desta forma de arte.<br \/>\n(professoras Manuela Oliveira e Maria da Concei\u00e7\u00e3o Ac\u00farcio e educadora Ros\u00e1rio Silva, Centro Escolar de Degracias e Pombalinho)<br \/>\n<img decoding=\"async\" class=\"size-full aligncenter\" src=\"http:\/\/elencoproducoes.com\/website\/wp-content\/uploads\/2016\/08\/ILHA_2.jpg\" width=\"3793\" height=\"2472\"\/><\/p>\n","protected":false},"excerpt":{"rendered":"<p>No passado dia 16 de dezembro, a Junta de Freguesia de Degracias e Pombalinho e a Associa\u00e7\u00e3o dos Baldios das Degracias fizeram uma oferta significativa<a href=\"https:\/\/www.escolasdesoure.pt\/web\/2017\/01\/centro-escolar-de-degracias-e-pombalinho-foi-ao-teatro-a-santa-maria-da-feira\/\" class=\"more-link\"><span class=\"screen-reader-text\"> &#8220;Centro Escolar de Degracias e Pombalinho foi ao teatro a Santa Maria da Feira&#8221;<\/span><\/a><\/p>\n","protected":false},"author":1,"featured_media":0,"comment_status":"closed","ping_status":"closed","sticky":false,"template":"","format":"standard","meta":{"footnotes":""},"categories":[1],"tags":[183,184,150],"class_list":["post-10362","post","type-post","status-publish","format-standard","hentry","category-noticias","tag-eb1-de-degracias","tag-ji-de-degracias","tag-teatro"],"_links":{"self":[{"href":"https:\/\/www.escolasdesoure.pt\/web\/wp-json\/wp\/v2\/posts\/10362","targetHints":{"allow":["GET"]}}],"collection":[{"href":"https:\/\/www.escolasdesoure.pt\/web\/wp-json\/wp\/v2\/posts"}],"about":[{"href":"https:\/\/www.escolasdesoure.pt\/web\/wp-json\/wp\/v2\/types\/post"}],"author":[{"embeddable":true,"href":"https:\/\/www.escolasdesoure.pt\/web\/wp-json\/wp\/v2\/users\/1"}],"replies":[{"embeddable":true,"href":"https:\/\/www.escolasdesoure.pt\/web\/wp-json\/wp\/v2\/comments?post=10362"}],"version-history":[{"count":2,"href":"https:\/\/www.escolasdesoure.pt\/web\/wp-json\/wp\/v2\/posts\/10362\/revisions"}],"predecessor-version":[{"id":10364,"href":"https:\/\/www.escolasdesoure.pt\/web\/wp-json\/wp\/v2\/posts\/10362\/revisions\/10364"}],"wp:attachment":[{"href":"https:\/\/www.escolasdesoure.pt\/web\/wp-json\/wp\/v2\/media?parent=10362"}],"wp:term":[{"taxonomy":"category","embeddable":true,"href":"https:\/\/www.escolasdesoure.pt\/web\/wp-json\/wp\/v2\/categories?post=10362"},{"taxonomy":"post_tag","embeddable":true,"href":"https:\/\/www.escolasdesoure.pt\/web\/wp-json\/wp\/v2\/tags?post=10362"}],"curies":[{"name":"wp","href":"https:\/\/api.w.org\/{rel}","templated":true}]}}