{"id":10294,"date":"2016-11-15T08:45:48","date_gmt":"2016-11-15T08:45:48","guid":{"rendered":"http:\/\/www.escolasdesoure.pt\/web\/?p=10294"},"modified":"2016-11-15T08:46:48","modified_gmt":"2016-11-15T08:46:48","slug":"mercadito-na-escola-da-gesteira","status":"publish","type":"post","link":"https:\/\/www.escolasdesoure.pt\/web\/2016\/11\/mercadito-na-escola-da-gesteira\/","title":{"rendered":"Mercadito na escola da Gesteira"},"content":{"rendered":"<p style=\"text-align: justify;\">Realizou-se mais um Mercadito na escola da Gesteira seguido da comemora\u00e7\u00e3o do S. Martinho. Os alunos passaram um dia diferente, muito divertido e a comunidade, mais uma vez, deslocou-se em massa \u00e0 nossa escola para adquirir produtos da \u00e9poca vendidos pelos pequenos feirantes. Agradecemos a colabora\u00e7\u00e3o de todos os pais e familiares que fizeram deste Mercadito mais um sucesso.<\/p>\n<div id='gallery-1' class='gallery galleryid-10294 gallery-columns-3 gallery-size-medium'><figure class='gallery-item'>\n\t\t\t<div class='gallery-icon landscape'>\n\t\t\t\t<a href='https:\/\/www.escolasdesoure.pt\/web\/2016\/11\/mercadito-na-escola-da-gesteira\/1-88\/'><img decoding=\"async\" width=\"300\" height=\"169\" src=\"https:\/\/www.escolasdesoure.pt\/web\/wp-content\/uploads\/2016\/11\/1-1-300x169.jpg\" class=\"attachment-medium size-medium\" alt=\"\" srcset=\"https:\/\/www.escolasdesoure.pt\/web\/wp-content\/uploads\/2016\/11\/1-1-300x169.jpg 300w, https:\/\/www.escolasdesoure.pt\/web\/wp-content\/uploads\/2016\/11\/1-1-768x432.jpg 768w, https:\/\/www.escolasdesoure.pt\/web\/wp-content\/uploads\/2016\/11\/1-1.jpg 800w\" sizes=\"(max-width: 300px) 100vw, 300px\" \/><\/a>\n\t\t\t<\/div><\/figure><figure class='gallery-item'>\n\t\t\t<div class='gallery-icon landscape'>\n\t\t\t\t<a href='https:\/\/www.escolasdesoure.pt\/web\/2016\/11\/mercadito-na-escola-da-gesteira\/2-40\/'><img decoding=\"async\" width=\"300\" height=\"169\" src=\"https:\/\/www.escolasdesoure.pt\/web\/wp-content\/uploads\/2016\/11\/2-1-300x169.jpg\" class=\"attachment-medium size-medium\" alt=\"\" srcset=\"https:\/\/www.escolasdesoure.pt\/web\/wp-content\/uploads\/2016\/11\/2-1-300x169.jpg 300w, https:\/\/www.escolasdesoure.pt\/web\/wp-content\/uploads\/2016\/11\/2-1-768x433.jpg 768w, https:\/\/www.escolasdesoure.pt\/web\/wp-content\/uploads\/2016\/11\/2-1.jpg 783w\" sizes=\"(max-width: 300px) 100vw, 300px\" \/><\/a>\n\t\t\t<\/div><\/figure><figure class='gallery-item'>\n\t\t\t<div class='gallery-icon landscape'>\n\t\t\t\t<a href='https:\/\/www.escolasdesoure.pt\/web\/2016\/11\/mercadito-na-escola-da-gesteira\/3-18\/'><img decoding=\"async\" width=\"300\" height=\"169\" src=\"https:\/\/www.escolasdesoure.pt\/web\/wp-content\/uploads\/2016\/11\/3-300x169.jpg\" class=\"attachment-medium size-medium\" alt=\"\" srcset=\"https:\/\/www.escolasdesoure.pt\/web\/wp-content\/uploads\/2016\/11\/3-300x169.jpg 300w, https:\/\/www.escolasdesoure.pt\/web\/wp-content\/uploads\/2016\/11\/3-768x432.jpg 768w, https:\/\/www.escolasdesoure.pt\/web\/wp-content\/uploads\/2016\/11\/3.jpg 800w\" sizes=\"(max-width: 300px) 100vw, 300px\" \/><\/a>\n\t\t\t<\/div><\/figure>\n\t\t<\/div>\n\n<p style=\"text-align: justify;\">As professora<br \/>\nAna Cl\u00e1udia Silva e Helena Serra<\/p>\n","protected":false},"excerpt":{"rendered":"<p>Realizou-se mais um Mercadito na escola da Gesteira seguido da comemora\u00e7\u00e3o do S. Martinho. Os alunos passaram um dia diferente, muito divertido e a comunidade,<a href=\"https:\/\/www.escolasdesoure.pt\/web\/2016\/11\/mercadito-na-escola-da-gesteira\/\" class=\"more-link\"><span class=\"screen-reader-text\"> &#8220;Mercadito na escola da Gesteira&#8221;<\/span><\/a><\/p>\n","protected":false},"author":1,"featured_media":10295,"comment_status":"closed","ping_status":"closed","sticky":false,"template":"","format":"standard","meta":{"footnotes":""},"categories":[1],"tags":[181,182],"class_list":["post-10294","post","type-post","status-publish","format-standard","has-post-thumbnail","hentry","category-noticias","tag-eb1-de-gesteira","tag-s-martinho"],"_links":{"self":[{"href":"https:\/\/www.escolasdesoure.pt\/web\/wp-json\/wp\/v2\/posts\/10294","targetHints":{"allow":["GET"]}}],"collection":[{"href":"https:\/\/www.escolasdesoure.pt\/web\/wp-json\/wp\/v2\/posts"}],"about":[{"href":"https:\/\/www.escolasdesoure.pt\/web\/wp-json\/wp\/v2\/types\/post"}],"author":[{"embeddable":true,"href":"https:\/\/www.escolasdesoure.pt\/web\/wp-json\/wp\/v2\/users\/1"}],"replies":[{"embeddable":true,"href":"https:\/\/www.escolasdesoure.pt\/web\/wp-json\/wp\/v2\/comments?post=10294"}],"version-history":[{"count":1,"href":"https:\/\/www.escolasdesoure.pt\/web\/wp-json\/wp\/v2\/posts\/10294\/revisions"}],"predecessor-version":[{"id":10298,"href":"https:\/\/www.escolasdesoure.pt\/web\/wp-json\/wp\/v2\/posts\/10294\/revisions\/10298"}],"wp:featuredmedia":[{"embeddable":true,"href":"https:\/\/www.escolasdesoure.pt\/web\/wp-json\/wp\/v2\/media\/10295"}],"wp:attachment":[{"href":"https:\/\/www.escolasdesoure.pt\/web\/wp-json\/wp\/v2\/media?parent=10294"}],"wp:term":[{"taxonomy":"category","embeddable":true,"href":"https:\/\/www.escolasdesoure.pt\/web\/wp-json\/wp\/v2\/categories?post=10294"},{"taxonomy":"post_tag","embeddable":true,"href":"https:\/\/www.escolasdesoure.pt\/web\/wp-json\/wp\/v2\/tags?post=10294"}],"curies":[{"name":"wp","href":"https:\/\/api.w.org\/{rel}","templated":true}]}}