{"id":10261,"date":"2016-10-16T21:57:49","date_gmt":"2016-10-16T20:57:49","guid":{"rendered":"http:\/\/www.escolasdesoure.pt\/web\/?p=10261"},"modified":"2016-10-16T21:57:49","modified_gmt":"2016-10-16T20:57:49","slug":"dia-das-bibliotecas-escolares","status":"publish","type":"post","link":"https:\/\/www.escolasdesoure.pt\/web\/2016\/10\/dia-das-bibliotecas-escolares\/","title":{"rendered":"Dia das Bibliotecas Escolares"},"content":{"rendered":"<p style=\"text-align: justify;\">No dia 24 de outubro assinala-se em Portugal o Dia das Bibliotecas Escolares, sendo uma data simb\u00f3lica que se alia \u00e0 comemora\u00e7\u00e3o dos 20 anos de cria\u00e7\u00e3o da Rede de Bibliotecas e simultaneamente aos 20 anos da nossa Rede Concelhia.<\/p>\n<p style=\"text-align: justify;\">A International Association of School Librarianship (IASL) escolheu como lema para o M\u00eas Internacional da Biblioteca Escolar (MIBE) 2016, \u00abAprende a descodificar o teu mundo\u00bb.<br \/>\nAssim, no \u00e2mbito da celebra\u00e7\u00e3o desta efem\u00e9ride divulgamos o cartaz elaborado pelo Grupo de Trabalho Concelhio das Bibliotecas de Soure, com destaque para as atividades que envolvem o maior n\u00famero de alunos e que est\u00e3o j\u00e1 a decorrer.<\/p>\n<p style=\"text-align: justify;\"><img decoding=\"async\" class=\"aligncenter size-full wp-image-10262\" src=\"http:\/\/www.escolasdesoure.pt\/web\/wp-content\/uploads\/2016\/10\/cartaz-bibliotecas.jpg\" alt=\"cartaz-bibliotecas\" width=\"740\" height=\"1047\" srcset=\"https:\/\/www.escolasdesoure.pt\/web\/wp-content\/uploads\/2016\/10\/cartaz-bibliotecas.jpg 740w, https:\/\/www.escolasdesoure.pt\/web\/wp-content\/uploads\/2016\/10\/cartaz-bibliotecas-212x300.jpg 212w, https:\/\/www.escolasdesoure.pt\/web\/wp-content\/uploads\/2016\/10\/cartaz-bibliotecas-724x1024.jpg 724w\" sizes=\"(max-width: 740px) 100vw, 740px\" \/><\/p>\n","protected":false},"excerpt":{"rendered":"<p>No dia 24 de outubro assinala-se em Portugal o Dia das Bibliotecas Escolares, sendo uma data simb\u00f3lica que se alia \u00e0 comemora\u00e7\u00e3o dos 20 anos<a href=\"https:\/\/www.escolasdesoure.pt\/web\/2016\/10\/dia-das-bibliotecas-escolares\/\" class=\"more-link\"><span class=\"screen-reader-text\"> &#8220;Dia das Bibliotecas Escolares&#8221;<\/span><\/a><\/p>\n","protected":false},"author":1,"featured_media":10262,"comment_status":"closed","ping_status":"closed","sticky":false,"template":"","format":"standard","meta":{"footnotes":""},"categories":[1],"tags":[46],"class_list":["post-10261","post","type-post","status-publish","format-standard","has-post-thumbnail","hentry","category-noticias","tag-biblioteca"],"_links":{"self":[{"href":"https:\/\/www.escolasdesoure.pt\/web\/wp-json\/wp\/v2\/posts\/10261","targetHints":{"allow":["GET"]}}],"collection":[{"href":"https:\/\/www.escolasdesoure.pt\/web\/wp-json\/wp\/v2\/posts"}],"about":[{"href":"https:\/\/www.escolasdesoure.pt\/web\/wp-json\/wp\/v2\/types\/post"}],"author":[{"embeddable":true,"href":"https:\/\/www.escolasdesoure.pt\/web\/wp-json\/wp\/v2\/users\/1"}],"replies":[{"embeddable":true,"href":"https:\/\/www.escolasdesoure.pt\/web\/wp-json\/wp\/v2\/comments?post=10261"}],"version-history":[{"count":1,"href":"https:\/\/www.escolasdesoure.pt\/web\/wp-json\/wp\/v2\/posts\/10261\/revisions"}],"predecessor-version":[{"id":10263,"href":"https:\/\/www.escolasdesoure.pt\/web\/wp-json\/wp\/v2\/posts\/10261\/revisions\/10263"}],"wp:featuredmedia":[{"embeddable":true,"href":"https:\/\/www.escolasdesoure.pt\/web\/wp-json\/wp\/v2\/media\/10262"}],"wp:attachment":[{"href":"https:\/\/www.escolasdesoure.pt\/web\/wp-json\/wp\/v2\/media?parent=10261"}],"wp:term":[{"taxonomy":"category","embeddable":true,"href":"https:\/\/www.escolasdesoure.pt\/web\/wp-json\/wp\/v2\/categories?post=10261"},{"taxonomy":"post_tag","embeddable":true,"href":"https:\/\/www.escolasdesoure.pt\/web\/wp-json\/wp\/v2\/tags?post=10261"}],"curies":[{"name":"wp","href":"https:\/\/api.w.org\/{rel}","templated":true}]}}