{"id":10096,"date":"2016-06-13T09:14:22","date_gmt":"2016-06-13T08:14:22","guid":{"rendered":"http:\/\/www.escolasdesoure.pt\/web\/?p=10096"},"modified":"2016-06-13T09:30:44","modified_gmt":"2016-06-13T08:30:44","slug":"constituicao-da-republica-portuguesa","status":"publish","type":"post","link":"https:\/\/www.escolasdesoure.pt\/web\/2016\/06\/constituicao-da-republica-portuguesa\/","title":{"rendered":"Constitui\u00e7\u00e3o da Rep\u00fablica Portuguesa"},"content":{"rendered":"<p>Enquadrado no subdom\u00ednio O 25 de abril e a consolida\u00e7\u00e3o da democracia portuguesa, no 6.\u00ba ano, na disciplina de hist\u00f3ria e geografia de Portugal, foi dada especial \u00eanfase \u00e0 Constitui\u00e7\u00e3o da Rep\u00fablica Portuguesa no seu 40.\u00ba anivers\u00e1rio.<br \/>\n<iframe loading=\"lazy\" id=\"iframe_container\" frameborder=\"0\" webkitallowfullscreen=\"\" mozallowfullscreen=\"\" allowfullscreen=\"\" width=\"740\" height=\"500\" src=\"https:\/\/prezi.com\/embed\/are6owme_s8o\/?bgcolor=ffffff&amp;lock_to_path=0&amp;autoplay=0&amp;autohide_ctrls=0&amp;landing_data=bHVZZmNaNDBIWnNjdEVENDRhZDFNZGNIUE43MHdLNWpsdFJLb2ZHanI0aTQ5UUZFK1NKZTV4RUJzaGRRQU4rcm1nPT0&amp;landing_sign=rpZdr0AYcKbE6MNtPiDg8fNAmegA-09DjhgBs5Q9jiU\"><\/iframe><\/p>\n","protected":false},"excerpt":{"rendered":"<p>Enquadrado no subdom\u00ednio O 25 de abril e a consolida\u00e7\u00e3o da democracia portuguesa, no 6.\u00ba ano, na disciplina de hist\u00f3ria e geografia de Portugal, foi<a href=\"https:\/\/www.escolasdesoure.pt\/web\/2016\/06\/constituicao-da-republica-portuguesa\/\" class=\"more-link\"><span class=\"screen-reader-text\"> &#8220;Constitui\u00e7\u00e3o da Rep\u00fablica Portuguesa&#8221;<\/span><\/a><\/p>\n","protected":false},"author":1,"featured_media":10098,"comment_status":"closed","ping_status":"closed","sticky":false,"template":"","format":"standard","meta":{"footnotes":""},"categories":[1],"tags":[],"class_list":["post-10096","post","type-post","status-publish","format-standard","has-post-thumbnail","hentry","category-noticias"],"_links":{"self":[{"href":"https:\/\/www.escolasdesoure.pt\/web\/wp-json\/wp\/v2\/posts\/10096","targetHints":{"allow":["GET"]}}],"collection":[{"href":"https:\/\/www.escolasdesoure.pt\/web\/wp-json\/wp\/v2\/posts"}],"about":[{"href":"https:\/\/www.escolasdesoure.pt\/web\/wp-json\/wp\/v2\/types\/post"}],"author":[{"embeddable":true,"href":"https:\/\/www.escolasdesoure.pt\/web\/wp-json\/wp\/v2\/users\/1"}],"replies":[{"embeddable":true,"href":"https:\/\/www.escolasdesoure.pt\/web\/wp-json\/wp\/v2\/comments?post=10096"}],"version-history":[{"count":2,"href":"https:\/\/www.escolasdesoure.pt\/web\/wp-json\/wp\/v2\/posts\/10096\/revisions"}],"predecessor-version":[{"id":10099,"href":"https:\/\/www.escolasdesoure.pt\/web\/wp-json\/wp\/v2\/posts\/10096\/revisions\/10099"}],"wp:featuredmedia":[{"embeddable":true,"href":"https:\/\/www.escolasdesoure.pt\/web\/wp-json\/wp\/v2\/media\/10098"}],"wp:attachment":[{"href":"https:\/\/www.escolasdesoure.pt\/web\/wp-json\/wp\/v2\/media?parent=10096"}],"wp:term":[{"taxonomy":"category","embeddable":true,"href":"https:\/\/www.escolasdesoure.pt\/web\/wp-json\/wp\/v2\/categories?post=10096"},{"taxonomy":"post_tag","embeddable":true,"href":"https:\/\/www.escolasdesoure.pt\/web\/wp-json\/wp\/v2\/tags?post=10096"}],"curies":[{"name":"wp","href":"https:\/\/api.w.org\/{rel}","templated":true}]}}