{"id":10006,"date":"2016-05-12T18:36:49","date_gmt":"2016-05-12T17:36:49","guid":{"rendered":"http:\/\/www.escolasdesoure.pt\/web\/?p=10006"},"modified":"2016-05-12T18:38:13","modified_gmt":"2016-05-12T17:38:13","slug":"comemoracao-dos-40-anos-da-constituicao-da-republica-portuguesa","status":"publish","type":"post","link":"https:\/\/www.escolasdesoure.pt\/web\/2016\/05\/comemoracao-dos-40-anos-da-constituicao-da-republica-portuguesa\/","title":{"rendered":"Comemora\u00e7\u00e3o dos 40 anos da Constitui\u00e7\u00e3o da Rep\u00fablica Portuguesa"},"content":{"rendered":"<p>No decurso das comemora\u00e7\u00f5es dos 40 anos da Constitui\u00e7\u00e3o da Rep\u00fablica Portuguesa e integrado nos conte\u00fados curriculares da disciplina de Sociologia, a turma C do 12\u00ba ano realizou um trabalho de pesquisa sobre a participa\u00e7\u00e3o das mulheres eleitas na Assembleia Constituinte, respons\u00e1vel pela elabora\u00e7\u00e3o da 1\u00aa Constitui\u00e7\u00e3o Democr\u00e1tica, texto que ainda vigora com as altera\u00e7\u00f5es introduzidas pelas sete revis\u00f5es constitucionais.<br \/>\nA referida turma esteve presente na palestra \u201cMulheres, Constitui\u00e7\u00e3o e Igualdade\u201d dinamizada pela deputada Elza Pais, presidente da Comiss\u00e3o da Igualdade e N\u00e3o Discrimina\u00e7\u00e3o, integrada na Feira de Emprego e Forma\u00e7\u00e3o Profissional e do Livro.<\/p>\n<p><iframe loading=\"lazy\" style=\"padding: 0; margin: 0; border: none;\" src=\"\/\/padlet.com\/embed\/jbnd7vw5e3dm\" width=\"740\" height=\"480px\" frameborder=\"0\"><\/iframe><\/p>\n","protected":false},"excerpt":{"rendered":"<p>No decurso das comemora\u00e7\u00f5es dos 40 anos da Constitui\u00e7\u00e3o da Rep\u00fablica Portuguesa e integrado nos conte\u00fados curriculares da disciplina de Sociologia, a turma C do<a href=\"https:\/\/www.escolasdesoure.pt\/web\/2016\/05\/comemoracao-dos-40-anos-da-constituicao-da-republica-portuguesa\/\" class=\"more-link\"><span class=\"screen-reader-text\"> &#8220;Comemora\u00e7\u00e3o dos 40 anos da Constitui\u00e7\u00e3o da Rep\u00fablica Portuguesa&#8221;<\/span><\/a><\/p>\n","protected":false},"author":1,"featured_media":10009,"comment_status":"closed","ping_status":"closed","sticky":false,"template":"","format":"standard","meta":{"footnotes":""},"categories":[1],"tags":[46],"class_list":["post-10006","post","type-post","status-publish","format-standard","has-post-thumbnail","hentry","category-noticias","tag-biblioteca"],"_links":{"self":[{"href":"https:\/\/www.escolasdesoure.pt\/web\/wp-json\/wp\/v2\/posts\/10006","targetHints":{"allow":["GET"]}}],"collection":[{"href":"https:\/\/www.escolasdesoure.pt\/web\/wp-json\/wp\/v2\/posts"}],"about":[{"href":"https:\/\/www.escolasdesoure.pt\/web\/wp-json\/wp\/v2\/types\/post"}],"author":[{"embeddable":true,"href":"https:\/\/www.escolasdesoure.pt\/web\/wp-json\/wp\/v2\/users\/1"}],"replies":[{"embeddable":true,"href":"https:\/\/www.escolasdesoure.pt\/web\/wp-json\/wp\/v2\/comments?post=10006"}],"version-history":[{"count":1,"href":"https:\/\/www.escolasdesoure.pt\/web\/wp-json\/wp\/v2\/posts\/10006\/revisions"}],"predecessor-version":[{"id":10008,"href":"https:\/\/www.escolasdesoure.pt\/web\/wp-json\/wp\/v2\/posts\/10006\/revisions\/10008"}],"wp:featuredmedia":[{"embeddable":true,"href":"https:\/\/www.escolasdesoure.pt\/web\/wp-json\/wp\/v2\/media\/10009"}],"wp:attachment":[{"href":"https:\/\/www.escolasdesoure.pt\/web\/wp-json\/wp\/v2\/media?parent=10006"}],"wp:term":[{"taxonomy":"category","embeddable":true,"href":"https:\/\/www.escolasdesoure.pt\/web\/wp-json\/wp\/v2\/categories?post=10006"},{"taxonomy":"post_tag","embeddable":true,"href":"https:\/\/www.escolasdesoure.pt\/web\/wp-json\/wp\/v2\/tags?post=10006"}],"curies":[{"name":"wp","href":"https:\/\/api.w.org\/{rel}","templated":true}]}}